{"id":6203,"date":"2015-11-09T15:50:04","date_gmt":"2015-11-09T19:50:04","guid":{"rendered":"http:\/\/folhaderondonianews.com\/news\/?p=6203"},"modified":"2015-11-09T15:50:04","modified_gmt":"2015-11-09T19:50:04","slug":"cargill-nutricao-animal-participa-da-ultima-etapa-da-expocorte-2015","status":"publish","type":"post","link":"https:\/\/folhaderondonianews.com\/news\/2015\/11\/09\/cargill-nutricao-animal-participa-da-ultima-etapa-da-expocorte-2015\/","title":{"rendered":"Cargill Nutri\u00e7\u00e3o Animal participa da \u00faltima etapa da ExpoCorte 2015"},"content":{"rendered":"<p class=\"ecxMsoNormal\">A Cargill, por meio da marca Nutron, participa da \u00faltima etapa do Circuito ExpoCorte 2015, nos dias 25 e 26 de novembro, em Ji-Paran\u00e1\/RO. O objetivo da empresa \u00e9 se aproximar dos clientes e parceiros, refor\u00e7ando o compromisso da companhia em ser sempre a escolhida pelo produtor, com as melhores solu\u00e7\u00f5es em produ\u00e7\u00e3o e nutri\u00e7\u00e3o animal.<\/p>\n<p class=\"ecxMsoNormal\">No primeiro dia da feira, o executivo Pedro Veiga, Gerente Global de Tecnologia de Bovinos de Corte da Cargill, ministrar\u00e1 a palestra \u201cNutri\u00e7\u00e3o fetal \u2013 o futuro de seu bezerro\u201d, contextualizando a import\u00e2ncia da alimenta\u00e7\u00e3o adequada da vaca ao desmame.<\/p>\n<p class=\"ecxMsoNormal\">\u201cAssim como uma crian\u00e7a precisa que a m\u00e3e tenha uma alimenta\u00e7\u00e3o saud\u00e1vel, rica em nutrientes e prote\u00edna, o mesmo ocorre com os animais. Este tema ainda \u00e9 pouco difundido, portanto, temos a responsabilidade de passar este conhecimento para os pecuaristas. Al\u00e9m disso, a boa nutri\u00e7\u00e3o da vaca impacta diretamente no peso m\u00e9dio do bezerro \u00e0 desmama, aumentando, portanto, a fonte de receita do criador\u201d, explica Veiga.<\/p>\n<p class=\"ecxMsoNormal\">Durante o evento tamb\u00e9m ser\u00e1 apresentada a nova linha de suplementa\u00e7\u00e3o a pasto da Nutron: a linha Probeef \u2013 uma s\u00e9rie de programas nutricionais\u00a0flex\u00edveis que v\u00eam oferecer aos pecuaristas um passo \u00e0 frente na defini\u00e7\u00e3o da melhor estrat\u00e9gia da suplementa\u00e7\u00e3o a pasto para maximizar a lucratividade do seu sistema produtivo.<\/p>\n<p class=\"ecxMsoNormal\">\u201cQueremos assegurar uma produ\u00e7\u00e3o de carne mais acelerada e eficiente para nossos clientes. Queremos ser a parceira de confian\u00e7a escolhida pelo produtor (lado a lado)\u201d, destaca Gabriel Toledo, Gerente de Produtos da linha Probeef.<\/p>\n<p class=\"ecxMsoNormal\">\u00a0<a target=\"_blank\" name=\"h.gjdgxs\"><\/a>Os interessados em participar do evento podem obter mais informa\u00e7\u00f5es pelo website:\u00a0<a href=\"http:\/\/www.circuitoexpocorte.com.br\/\" target=\"_blank\">http:\/\/www.circuitoexpocorte.com.br\/<\/a>.<\/p>\n<p class=\"ecxMsoNormal\"><b>Sobre a Cargill<\/b><\/p>\n<p class=\"ecxMsoNormal\">Produzimos e comercializamos internacionalmente produtos e servi\u00e7os aliment\u00edcios, agr\u00edcolas, financeiros e industriais. Em parceria com produtores, clientes, governos e comunidades, e por meio de nossos 150 anos de experi\u00eancia, n\u00f3s ajudamos a sociedade a prosperar. Temos 143 mil funcion\u00e1rios em 67 pa\u00edses que est\u00e3o comprometidos em alimentar o mundo de forma respons\u00e1vel, reduzindo impactos ambientais e melhorando as comunidades onde vivem e trabalham.<\/p>\n<p class=\"ecxMsoNormal\">No Brasil desde 1965, somos uma das maiores ind\u00fastrias de alimentos do Pa\u00eds. Com sede em S\u00e3o Paulo (SP), a empresa est\u00e1 presente em 16 Estados brasileiros por meio de unidades industriais e escrit\u00f3rios em 156 munic\u00edpios e mais de 9 mil funcion\u00e1rios. Para mais informa\u00e7\u00f5es, visite<a href=\"http:\/\/www.cargill.com\/\" target=\"_blank\">\u00a0<\/a><a href=\"http:\/\/www.cargill.com\/\" target=\"_blank\">www.cargill.com<\/a>.<\/p>\n<p class=\"ecxMsoNormal\">\n<p class=\"ecxMsoNormal\"><b>Sobre a Cargill Nutri\u00e7\u00e3o Animal<\/b><\/p>\n<p class=\"ecxMsoNormal\">A Cargill Nutri\u00e7\u00e3o Animal, unidade de neg\u00f3cios que representa o segmento no Brasil, \u00e9 especialista e l\u00edder em solu\u00e7\u00f5es inovadoras de produ\u00e7\u00e3o animal por meio de desenvolvimento de n\u00facleos, premixes e especialidades para os segmentos de aves, su\u00ednos, peixes, c\u00e3es e gatos, bovinos de leite e de corte e suplementos para pasto. Por meio da marca Nutron, h\u00e1 20 anos no Pa\u00eds, sempre atuou pr\u00f3ximo do produtor para atender sua demanda com conveni\u00eancia, qualidade e seguran\u00e7a com o objetivo de contribuir com a prosperidade nos neg\u00f3cios \u00e9 compromisso da companhia. A empresa tamb\u00e9m promove a\u00e7\u00f5es socioambientais nas comunidades onde est\u00e1 inserida, pois considera ser seu dever atuar de maneira respons\u00e1vel para o desenvolvimento e crescimento sustent\u00e1vel de toda a cadeia produtiva do agroneg\u00f3cio.<\/p>\n","protected":false},"excerpt":{"rendered":"<div class=\"mh-excerpt\"><p>A Cargill, por meio da marca Nutron, participa da \u00faltima etapa do Circuito ExpoCorte 2015, nos dias 25 e 26 de novembro, em Ji-Paran\u00e1\/RO. O <a class=\"mh-excerpt-more\" href=\"https:\/\/folhaderondonianews.com\/news\/2015\/11\/09\/cargill-nutricao-animal-participa-da-ultima-etapa-da-expocorte-2015\/\" title=\"Cargill Nutri\u00e7\u00e3o Animal participa da \u00faltima etapa da ExpoCorte 2015\">[&#8230;]<\/a><\/p>\n<\/div>","protected":false},"author":1,"featured_media":0,"comment_status":"open","ping_status":"closed","sticky":false,"template":"","format":"standard","meta":{"footnotes":""},"categories":[6],"tags":[],"class_list":["post-6203","post","type-post","status-publish","format-standard","hentry","category-agronegocio"],"_links":{"self":[{"href":"https:\/\/folhaderondonianews.com\/news\/wp-json\/wp\/v2\/posts\/6203","targetHints":{"allow":["GET"]}}],"collection":[{"href":"https:\/\/folhaderondonianews.com\/news\/wp-json\/wp\/v2\/posts"}],"about":[{"href":"https:\/\/folhaderondonianews.com\/news\/wp-json\/wp\/v2\/types\/post"}],"author":[{"embeddable":true,"href":"https:\/\/folhaderondonianews.com\/news\/wp-json\/wp\/v2\/users\/1"}],"replies":[{"embeddable":true,"href":"https:\/\/folhaderondonianews.com\/news\/wp-json\/wp\/v2\/comments?post=6203"}],"version-history":[{"count":0,"href":"https:\/\/folhaderondonianews.com\/news\/wp-json\/wp\/v2\/posts\/6203\/revisions"}],"wp:attachment":[{"href":"https:\/\/folhaderondonianews.com\/news\/wp-json\/wp\/v2\/media?parent=6203"}],"wp:term":[{"taxonomy":"category","embeddable":true,"href":"https:\/\/folhaderondonianews.com\/news\/wp-json\/wp\/v2\/categories?post=6203"},{"taxonomy":"post_tag","embeddable":true,"href":"https:\/\/folhaderondonianews.com\/news\/wp-json\/wp\/v2\/tags?post=6203"}],"curies":[{"name":"wp","href":"https:\/\/api.w.org\/{rel}","templated":true}]}}