{"id":6207,"date":"2015-11-09T16:11:28","date_gmt":"2015-11-09T20:11:28","guid":{"rendered":"http:\/\/folhaderondonianews.com\/news\/?p=6207"},"modified":"2015-11-09T16:11:28","modified_gmt":"2015-11-09T20:11:28","slug":"politicas-publicas-debatidop-em-conferencia-estadual-da-juventude","status":"publish","type":"post","link":"https:\/\/folhaderondonianews.com\/news\/2015\/11\/09\/politicas-publicas-debatidop-em-conferencia-estadual-da-juventude\/","title":{"rendered":"Pol\u00edticas p\u00fablicas debatidop em Confer\u00eancia Estadual da Juventude"},"content":{"rendered":"<p class=\"ecxMsoNormal\"><a href=\"https:\/\/folhaderondonianews.com\/news\/wp-content\/uploads\/2015\/11\/marinharaup....jpg\"><img decoding=\"async\" class=\"alignleft  wp-image-6210 lazyload\" data-src=\"https:\/\/folhaderondonianews.com\/news\/wp-content\/uploads\/2015\/11\/marinharaup....jpg\" alt=\"marinharaup...\" width=\"379\" height=\"213\" data-srcset=\"https:\/\/folhaderondonianews.com\/news\/wp-content\/uploads\/2015\/11\/marinharaup....jpg 500w, https:\/\/folhaderondonianews.com\/news\/wp-content\/uploads\/2015\/11\/marinharaup...-300x169.jpg 300w\" data-sizes=\"(max-width: 379px) 100vw, 379px\" src=\"data:image\/svg+xml;base64,PHN2ZyB3aWR0aD0iMSIgaGVpZ2h0PSIxIiB4bWxucz0iaHR0cDovL3d3dy53My5vcmcvMjAwMC9zdmciPjwvc3ZnPg==\" style=\"--smush-placeholder-width: 379px; --smush-placeholder-aspect-ratio: 379\/213;\" \/><\/a>A Deputada Marinha Raupp participou da 3\u00ba Confer\u00eancia Estadual da Juventude, ocorrida em Porto Velho entre os dias 07 e 08 de novembro. Durante o evento, os jovens de todo o Estado de Rond\u00f4nia tiveram a oportunidade de debater sobre esporte, cultura e pol\u00edticas p\u00fablicas. \u201c\u00c9 importante escutarmos a demanda da nossa juventude, e implementar pol\u00edticas voltadas a esse importante segmento da sociedade\u201d, afirma a Deputada.<\/p>\n<p class=\"ecxMsoNormal\">\u00a0Entusiasta no tema da juventude, a Deputada Marinha Raupp esteve \u00e0 frente dos trabalhos na C\u00e2mara dos Deputados para a aprova\u00e7\u00e3o do Estatuto da Juventude, ocorrida em 05 de outubro de 2011. \u201cMuito me orgulha ter presidido a Comiss\u00e3o Especial para a instala\u00e7\u00e3o do PL 4.529\/04 da cria\u00e7\u00e3o do Estatuto\u201d, diz a Deputada. O Estatuto da Juventude institui princ\u00edpios e diretrizes para que o Poder P\u00fablico possa criar e organizar pol\u00edticas para os jovens. Em Rond\u00f4nia, presidiu o 1\u00ba Encontro da Juventude, que reuniu segmentos da juventude rondoniense e tornou-se refer\u00eancia para o direcionamento de pol\u00edticas p\u00fablicas de juventude.<\/p>\n<p class=\"ecxMsoNormal\">\u00a0A 3\u00ba Confer\u00eancia Estadual da Juventude, cujo tema \u00e9 \u201cAs v\u00e1rias formas de mudar Rond\u00f4nia\u201d, abordou 11 eixos tem\u00e1ticos, relacionados ao Estatuto da Juventude, que abrangem a participa\u00e7\u00e3o do jovem, educa\u00e7\u00e3o, trabalho, diversidade e igualdade, sa\u00fade, cultura, direito \u00e0 comunica\u00e7\u00e3o, esporte e lazer, meio ambiente, territ\u00f3rio e mobilidade, seguran\u00e7a e paz. A Deputada Marinha Raupp tem um grande trabalho voltado para a juventude e considera necess\u00e1rio o amplo processo de debate. \u201c\u00c9 um espa\u00e7o que d\u00e1 a oportunidade aos nossos jovens de todas as regi\u00f5es do Estado de discutir, propor a\u00e7\u00f5es para encaminharmos \u00e0 Confer\u00eancia Nacional, que acontecer\u00e1 em dezembro\u201d, conclui a Deputada.<\/p>\n","protected":false},"excerpt":{"rendered":"<div class=\"mh-excerpt\"><p>A Deputada Marinha Raupp participou da 3\u00ba Confer\u00eancia Estadual da Juventude, ocorrida em Porto Velho entre os dias 07 e 08 de novembro. Durante o <a class=\"mh-excerpt-more\" href=\"https:\/\/folhaderondonianews.com\/news\/2015\/11\/09\/politicas-publicas-debatidop-em-conferencia-estadual-da-juventude\/\" title=\"Pol\u00edticas p\u00fablicas debatidop em Confer\u00eancia Estadual da Juventude\">[&#8230;]<\/a><\/p>\n<\/div>","protected":false},"author":1,"featured_media":0,"comment_status":"open","ping_status":"closed","sticky":false,"template":"","format":"standard","meta":{"footnotes":""},"categories":[9],"tags":[],"class_list":["post-6207","post","type-post","status-publish","format-standard","hentry","category-politica"],"_links":{"self":[{"href":"https:\/\/folhaderondonianews.com\/news\/wp-json\/wp\/v2\/posts\/6207","targetHints":{"allow":["GET"]}}],"collection":[{"href":"https:\/\/folhaderondonianews.com\/news\/wp-json\/wp\/v2\/posts"}],"about":[{"href":"https:\/\/folhaderondonianews.com\/news\/wp-json\/wp\/v2\/types\/post"}],"author":[{"embeddable":true,"href":"https:\/\/folhaderondonianews.com\/news\/wp-json\/wp\/v2\/users\/1"}],"replies":[{"embeddable":true,"href":"https:\/\/folhaderondonianews.com\/news\/wp-json\/wp\/v2\/comments?post=6207"}],"version-history":[{"count":0,"href":"https:\/\/folhaderondonianews.com\/news\/wp-json\/wp\/v2\/posts\/6207\/revisions"}],"wp:attachment":[{"href":"https:\/\/folhaderondonianews.com\/news\/wp-json\/wp\/v2\/media?parent=6207"}],"wp:term":[{"taxonomy":"category","embeddable":true,"href":"https:\/\/folhaderondonianews.com\/news\/wp-json\/wp\/v2\/categories?post=6207"},{"taxonomy":"post_tag","embeddable":true,"href":"https:\/\/folhaderondonianews.com\/news\/wp-json\/wp\/v2\/tags?post=6207"}],"curies":[{"name":"wp","href":"https:\/\/api.w.org\/{rel}","templated":true}]}}