{"id":6221,"date":"2015-11-10T14:22:29","date_gmt":"2015-11-10T18:22:29","guid":{"rendered":"http:\/\/folhaderondonianews.com\/news\/?p=6221"},"modified":"2015-11-11T23:13:51","modified_gmt":"2015-11-12T03:13:51","slug":"chapa-oab-todos-pela-ordem-em-campanha-no-interior","status":"publish","type":"post","link":"https:\/\/folhaderondonianews.com\/news\/2015\/11\/10\/chapa-oab-todos-pela-ordem-em-campanha-no-interior\/","title":{"rendered":"Chapa OAB Todos pela Ordem em campanha no interior"},"content":{"rendered":"<p><a href=\"https:\/\/folhaderondonianews.com\/news\/wp-content\/uploads\/2015\/11\/mileni.jpg\"><img decoding=\"async\" class=\"alignleft wp-image-6224 lazyload\" data-src=\"https:\/\/folhaderondonianews.com\/news\/wp-content\/uploads\/2015\/11\/mileni.jpg\" alt=\"mileni\" width=\"319\" height=\"239\" data-srcset=\"https:\/\/folhaderondonianews.com\/news\/wp-content\/uploads\/2015\/11\/mileni.jpg 856w, https:\/\/folhaderondonianews.com\/news\/wp-content\/uploads\/2015\/11\/mileni-300x225.jpg 300w\" data-sizes=\"(max-width: 319px) 100vw, 319px\" src=\"data:image\/svg+xml;base64,PHN2ZyB3aWR0aD0iMSIgaGVpZ2h0PSIxIiB4bWxucz0iaHR0cDovL3d3dy53My5vcmcvMjAwMC9zdmciPjwvc3ZnPg==\" style=\"--smush-placeholder-width: 319px; --smush-placeholder-aspect-ratio: 319\/239;\" \/><\/a>O candidato a presidente da OAB Rond\u00f4nia pela chapa #Todos Pela Ordem 10, Andrey Cavalcante, iniciou mais uma semana no Interior, aonde vem cumprindo agenda de campanha desde o in\u00edcio do m\u00eas em companhia da candidata a vice, Marac\u00e9lia Oliveira.<\/p>\n<p>Com a proximidade das elei\u00e7\u00f5es, que ocorrem no pr\u00f3ximo dia 17 de novembro, os compromissos dos integrantes da chapa Todos Pela Ordem tem se intensificado. Cada um com o ideal de levar a todos os advogados as propostas que far\u00e3o a OAB Rond\u00f4nia avan\u00e7ar ainda mais.<\/p>\n<p>Durante o final de semana, Andrey Cavalcante e Marac\u00e9lia Oliveira visitaram os colegas advogados de Rolim de Moura e Pimenta Bueno, que se reuniram para debater propostas de renova\u00e7\u00e3o da Seccional e Subse\u00e7\u00f5es.<\/p>\n<p>Enquanto isso, em Porto Velho, a jovem advocacia tamb\u00e9m promoveu um encontro para discutir ideias. Na reuni\u00e3o, que contou com a presen\u00e7a de aproximadamente 60 pessoas, foi apresentado um levantamento das conquistas recentes dos jovens advogados, como o acolhimento humanizado e maior participa\u00e7\u00e3o nas decis\u00f5es da institui\u00e7\u00e3o.<\/p>\n<p>Nesta segunda-feira (9), a chapa #Todos Pela Ordem esteve mais uma vez em Ouro Preto e Jaru, munic\u00edpios da regi\u00e3o Central do Estado, para renovar os compromissos, apresentar propostas e consolidar importantes apoios.<\/p>\n<p>O caf\u00e9 da manh\u00e3 desta ter\u00e7a-feira (10) foi coletivo, na companhia dos advogados de Buritis. Andrey Cavalcante falou sobre os avan\u00e7os e firmou novos compromissos, para continuar fortalecendo a advocacia rondoniense. \u201cA chapa Todos Pela Ordem n\u00e3o pode ser reduzida a um nome. Ela carrega a for\u00e7a e a garra de in\u00fameros advogados, que conscientes que os avan\u00e7os obtidos nos \u00faltimos anos n\u00e3o s\u00e3o suficientes, arrega\u00e7am as mangas e partem ao trabalho \u00e1rduo que busca a continua valoriza\u00e7\u00e3o da profiss\u00e3o pela sociedade e a prote\u00e7\u00e3o ao pleno exerc\u00edcio da profiss\u00e3o\u201d.<\/p>\n<p>&nbsp;<\/p>\n<p>AGENDA DA \u00daLTIMA SEMANA<\/p>\n<p>Da tarde desta ter\u00e7a-feira (10), a chapa retorna para Porto Velho, onde intensifica as reuni\u00f5es e visitas em escrit\u00f3rios. Andrey Cavalcante tamb\u00e9m participa de programa de televis\u00e3o e viaja at\u00e9 Guajar\u00e1-Mirim para um novo encontro com os advogados.<\/p>\n<p>&nbsp;<\/p>\n<p>A\u00c7\u00d5ES<\/p>\n<p>Paralelamente, a coordena\u00e7\u00e3o de campanha organiza outras atividades como o Adesiva\u00e7o, for\u00e7a-tarefa para adesivar ve\u00edculos, marcada para acontecer hoje, dia 10 \u00e0s 10h, em todo Estado.<\/p>\n","protected":false},"excerpt":{"rendered":"<div class=\"mh-excerpt\"><p>O candidato a presidente da OAB Rond\u00f4nia pela chapa #Todos Pela Ordem 10, Andrey Cavalcante, iniciou mais uma semana no Interior, aonde vem cumprindo agenda <a class=\"mh-excerpt-more\" href=\"https:\/\/folhaderondonianews.com\/news\/2015\/11\/10\/chapa-oab-todos-pela-ordem-em-campanha-no-interior\/\" title=\"Chapa OAB Todos pela Ordem em campanha no interior\">[&#8230;]<\/a><\/p>\n<\/div>","protected":false},"author":1,"featured_media":0,"comment_status":"open","ping_status":"closed","sticky":false,"template":"","format":"standard","meta":{"footnotes":""},"categories":[3],"tags":[],"class_list":["post-6221","post","type-post","status-publish","format-standard","hentry","category-cotidiano"],"_links":{"self":[{"href":"https:\/\/folhaderondonianews.com\/news\/wp-json\/wp\/v2\/posts\/6221","targetHints":{"allow":["GET"]}}],"collection":[{"href":"https:\/\/folhaderondonianews.com\/news\/wp-json\/wp\/v2\/posts"}],"about":[{"href":"https:\/\/folhaderondonianews.com\/news\/wp-json\/wp\/v2\/types\/post"}],"author":[{"embeddable":true,"href":"https:\/\/folhaderondonianews.com\/news\/wp-json\/wp\/v2\/users\/1"}],"replies":[{"embeddable":true,"href":"https:\/\/folhaderondonianews.com\/news\/wp-json\/wp\/v2\/comments?post=6221"}],"version-history":[{"count":0,"href":"https:\/\/folhaderondonianews.com\/news\/wp-json\/wp\/v2\/posts\/6221\/revisions"}],"wp:attachment":[{"href":"https:\/\/folhaderondonianews.com\/news\/wp-json\/wp\/v2\/media?parent=6221"}],"wp:term":[{"taxonomy":"category","embeddable":true,"href":"https:\/\/folhaderondonianews.com\/news\/wp-json\/wp\/v2\/categories?post=6221"},{"taxonomy":"post_tag","embeddable":true,"href":"https:\/\/folhaderondonianews.com\/news\/wp-json\/wp\/v2\/tags?post=6221"}],"curies":[{"name":"wp","href":"https:\/\/api.w.org\/{rel}","templated":true}]}}