{"id":6228,"date":"2015-11-10T16:03:59","date_gmt":"2015-11-10T20:03:59","guid":{"rendered":"http:\/\/folhaderondonianews.com\/news\/?p=6228"},"modified":"2015-11-10T16:03:59","modified_gmt":"2015-11-10T20:03:59","slug":"reuniao-inicia-preparativos-para-5a-edicao-da-rondonia-rural-show","status":"publish","type":"post","link":"https:\/\/folhaderondonianews.com\/news\/2015\/11\/10\/reuniao-inicia-preparativos-para-5a-edicao-da-rondonia-rural-show\/","title":{"rendered":"Reuni\u00e3o inicia preparativos para 5\u00aa edi\u00e7\u00e3o da Rond\u00f4nia Rural Show"},"content":{"rendered":"<p><a href=\"https:\/\/folhaderondonianews.com\/news\/wp-content\/uploads\/2015\/11\/rruralshow.jpg\"><img decoding=\"async\" class=\"alignleft  wp-image-6229 lazyload\" data-src=\"https:\/\/folhaderondonianews.com\/news\/wp-content\/uploads\/2015\/11\/rruralshow.jpg\" alt=\"rruralshow\" width=\"332\" height=\"222\" data-srcset=\"https:\/\/folhaderondonianews.com\/news\/wp-content\/uploads\/2015\/11\/rruralshow.jpg 963w, https:\/\/folhaderondonianews.com\/news\/wp-content\/uploads\/2015\/11\/rruralshow-300x200.jpg 300w\" data-sizes=\"(max-width: 332px) 100vw, 332px\" src=\"data:image\/svg+xml;base64,PHN2ZyB3aWR0aD0iMSIgaGVpZ2h0PSIxIiB4bWxucz0iaHR0cDovL3d3dy53My5vcmcvMjAwMC9zdmciPjwvc3ZnPg==\" style=\"--smush-placeholder-width: 332px; --smush-placeholder-aspect-ratio: 332\/222;\" \/><\/a>A Secretaria de Estado da Agricultura, Pecu\u00e1ria, Desenvolvimento e Regulariza\u00e7\u00e3o Fundi\u00e1ria (Seagri) j\u00e1 iniciou os preparativos para organizar a 5\u00aa edi\u00e7\u00e3o da Rond\u00f4nia Rural Show, que acontecer\u00e1 em Ji-Paran\u00e1, nos dias 25, 26, 27 e 28 de maio de 2016.<\/p>\n<p>Uma reuni\u00e3o de trabalho realizada na manh\u00e3 de hoje (10), na sede da Prefeitura de Ji-Paran\u00e1, com a presen\u00e7a do secret\u00e1rio da Seagri, Evandro Padovani; Prefeito de Ji-Paran\u00e1, Jesualdo Pires; os diretores da Associa\u00e7\u00e3o Rural de Rond\u00f4nia (ARR), S\u00e9rgio Suganuma e S\u00e9rgio Ferreira, o Presidente da Associa\u00e7\u00e3o Comercial e Industrial, Hugo Ara\u00fajo, e equipe t\u00e9cnica da prefeitura e da Seagri, retomou as parcerias firmadas para a organiza\u00e7\u00e3o da feira que \u00e9 considerada a maior da Regi\u00e3o Norte, inclusive inserida no calend\u00e1rio nacional de eventos agropecu\u00e1rios e com status internacional.<\/p>\n<p>Segundo Padovani, uma feira de tamanha import\u00e2ncia como a Rond\u00f4nia Rural s\u00f3 pode ser realizada com muitos parceiros. \u201cEst\u00e1 faltando pouco mais de 190 dias para abertura da pr\u00f3xima edi\u00e7\u00e3o e n\u00f3s j\u00e1 estamos seguindo um cronograma de trabalho. Esta reuni\u00e3o, por exemplo, serviu para retomarmos as parcerias firmadas em anos anteriores com a Prefeitura de Ji-Paran\u00e1 e com Associa\u00e7\u00e3o Rural de Rond\u00f4nia. A feira tem crescido muito e, por isso, j\u00e1 estamos nos preparativos de mais uma edi\u00e7\u00e3o\u201d, frisou Padovani.<\/p>\n<p>O secret\u00e1rio mostrou-se muito otimista com o futuro da Rond\u00f4nia Rural e apresentou alguns n\u00fameros referentes a 4\u00aa edi\u00e7\u00e3o, quando mais de 53 mil pessoas visitaram o Parque de Exposi\u00e7\u00f5es Herm\u00ednio Victorelli \u00a0e foram fechados R$ 621,6 milh\u00f5es em neg\u00f3cios realizados, a 4\u00aa Feira Rond\u00f4nia Rural Show.<\/p>\n<p>O prefeito Jesualdo Pires afirmou ter convic\u00e7\u00e3o que a 5\u00aa edi\u00e7\u00e3o ter\u00e1 n\u00fameros ainda maiores, superando as outras edi\u00e7\u00f5es. \u201cEsta feira cresce a cada ano, em 2016 n\u00e3o ser\u00e1 diferente. Pessoas de v\u00e1rios lugares do Brasil e do exterior mais uma vez estar\u00e3o em Ji-Paran\u00e1 em busca de bons neg\u00f3cios\u201d, vislumbrou Jesualdo.<\/p>\n<p>O presidente da Acijip, Hugo Araujo, lembrou que os n\u00fameros confirmam que a Rond\u00f4nia Rural est\u00e1 cumprindo seus objetivos, de mostrar o potencial do agroneg\u00f3cio e produzir neg\u00f3cios. \u201c\u00c9 certamente um dos principais eventos do nosso Estado\u201d, definiu.<\/p>\n","protected":false},"excerpt":{"rendered":"<div class=\"mh-excerpt\"><p>A Secretaria de Estado da Agricultura, Pecu\u00e1ria, Desenvolvimento e Regulariza\u00e7\u00e3o Fundi\u00e1ria (Seagri) j\u00e1 iniciou os preparativos para organizar a 5\u00aa edi\u00e7\u00e3o da Rond\u00f4nia Rural Show, <a class=\"mh-excerpt-more\" href=\"https:\/\/folhaderondonianews.com\/news\/2015\/11\/10\/reuniao-inicia-preparativos-para-5a-edicao-da-rondonia-rural-show\/\" title=\"Reuni\u00e3o inicia preparativos para 5\u00aa edi\u00e7\u00e3o da Rond\u00f4nia Rural Show\">[&#8230;]<\/a><\/p>\n<\/div>","protected":false},"author":1,"featured_media":0,"comment_status":"open","ping_status":"closed","sticky":false,"template":"","format":"standard","meta":{"footnotes":""},"categories":[6],"tags":[],"class_list":["post-6228","post","type-post","status-publish","format-standard","hentry","category-agronegocio"],"_links":{"self":[{"href":"https:\/\/folhaderondonianews.com\/news\/wp-json\/wp\/v2\/posts\/6228","targetHints":{"allow":["GET"]}}],"collection":[{"href":"https:\/\/folhaderondonianews.com\/news\/wp-json\/wp\/v2\/posts"}],"about":[{"href":"https:\/\/folhaderondonianews.com\/news\/wp-json\/wp\/v2\/types\/post"}],"author":[{"embeddable":true,"href":"https:\/\/folhaderondonianews.com\/news\/wp-json\/wp\/v2\/users\/1"}],"replies":[{"embeddable":true,"href":"https:\/\/folhaderondonianews.com\/news\/wp-json\/wp\/v2\/comments?post=6228"}],"version-history":[{"count":0,"href":"https:\/\/folhaderondonianews.com\/news\/wp-json\/wp\/v2\/posts\/6228\/revisions"}],"wp:attachment":[{"href":"https:\/\/folhaderondonianews.com\/news\/wp-json\/wp\/v2\/media?parent=6228"}],"wp:term":[{"taxonomy":"category","embeddable":true,"href":"https:\/\/folhaderondonianews.com\/news\/wp-json\/wp\/v2\/categories?post=6228"},{"taxonomy":"post_tag","embeddable":true,"href":"https:\/\/folhaderondonianews.com\/news\/wp-json\/wp\/v2\/tags?post=6228"}],"curies":[{"name":"wp","href":"https:\/\/api.w.org\/{rel}","templated":true}]}}