{"id":6463,"date":"2015-12-07T07:18:22","date_gmt":"2015-12-07T11:18:22","guid":{"rendered":"http:\/\/folhaderondonianews.com\/news\/?p=6463"},"modified":"2015-12-07T07:18:22","modified_gmt":"2015-12-07T11:18:22","slug":"acidente-causa-amputacao-de-dedo-de-funcionario-e-empresa-deve-pagar-r-30-mil","status":"publish","type":"post","link":"https:\/\/folhaderondonianews.com\/news\/2015\/12\/07\/acidente-causa-amputacao-de-dedo-de-funcionario-e-empresa-deve-pagar-r-30-mil\/","title":{"rendered":"Acidente causa amputa\u00e7\u00e3o de dedo de funcion\u00e1rio e empresa deve pagar R$ 30 mil"},"content":{"rendered":"<div dir=\"ltr\">\n<div class=\"gmail_default\" style=\"font-family: verdana,sans-serif;\">\n<p style=\"font-size: 11px; font-family: 'normal Arial',Helvetica,sans-serif; color: #404040; text-align: justify; margin: 0px 0px 1em; background-color: #f4f4f4; padding: 0px;\"><span style=\"font-size: 14px;\">O ju\u00edzo da 7\u00aa Vara do Trabalho de Porto Velho condenou a empresa Big A\u00e7o Ind\u00fastria e Com\u00e9rcio EIRELI-EPP a pagar mais de R$ 30 mil a um funcion\u00e1rio que perdeu o dedo anular da m\u00e3o direita em um acidente de trabalho.\u00a0<\/span><\/p>\n<div style=\"font-size: 11px; font-family: 'normal Arial',Helvetica,sans-serif; color: #404040; text-align: justify; margin: 0px; background-color: #f4f4f4; padding: 0px;\"><span style=\"font-size: 14px;\">Segundo consta no processo, o trabalhador que exercia a fun\u00e7\u00e3o de ajudante geral desde 11\/06\/2015 sofreu um acidente de trabalho que ocasionou a perda do anelar direito. Em depoimento, o ajudante alegou que apenas recebeu treinamento verbal de aproximadamente 40 minutos antes de iniciar o trabalho. Foram ouvidas testemunhas que confirmaram esse relato do reclamante.\u00a0<\/span><\/div>\n<div style=\"font-size: 11px; font-family: 'normal Arial',Helvetica,sans-serif; color: #404040; text-align: justify; margin: 0px; background-color: #f4f4f4; padding: 0px;\"><\/div>\n<div style=\"font-size: 11px; font-family: 'normal Arial',Helvetica,sans-serif; color: #404040; text-align: justify; margin: 0px; background-color: #f4f4f4; padding: 0px;\"><span style=\"font-size: 14px;\">A empresa alegou, em defesa, que o acidente de trabalho ocorrido no dia 25\/06\/2015 aconteceu por culpa exclusiva do empregado e que as indeniza\u00e7\u00f5es pedidas pelo trabalhador eram indevidas.\u00a0<\/span><\/div>\n<div style=\"font-size: 11px; font-family: 'normal Arial',Helvetica,sans-serif; color: #404040; text-align: justify; margin: 0px; background-color: #f4f4f4; padding: 0px;\"><\/div>\n<div style=\"font-size: 11px; font-family: 'normal Arial',Helvetica,sans-serif; color: #404040; text-align: justify; margin: 0px; background-color: #f4f4f4; padding: 0px;\"><span style=\"font-size: 14px;\">Em laudo, a perita solicitada pelo ju\u00edzo informou que o reclamante voltou as mesmas atividades na empresa ap\u00f3s um afastamento de 30 dias e que o acidente causou um dano de 3% em sua capacidade de trabalhar e que n\u00e3o faz uso de medicamentos ou exista a necessidade de sess\u00f5es de fisioterapia.\u00a0<\/span><\/div>\n<div style=\"font-size: 11px; font-family: 'normal Arial',Helvetica,sans-serif; color: #404040; text-align: justify; margin: 0px; background-color: #f4f4f4; padding: 0px;\"><\/div>\n<div style=\"font-size: 11px; font-family: 'normal Arial',Helvetica,sans-serif; color: #404040; text-align: justify; margin: 0px; background-color: #f4f4f4; padding: 0px;\"><span style=\"font-size: 14px;\">Diante dos fatos, a ju\u00edza do trabalho substituta Tatiane David Luiz Faria compreendeu que a empregadora agiu com neglig\u00eancia, assumindo os riscos de um eventual acidente de trabalho, j\u00e1 que n\u00e3o ministrou com efici\u00eancia e de forma adequada os cursos de treinamento necess\u00e1rios.\u00a0<\/span><\/div>\n<div style=\"font-size: 11px; font-family: 'normal Arial',Helvetica,sans-serif; color: #404040; text-align: justify; margin: 0px; background-color: #f4f4f4; padding: 0px;\"><\/div>\n<div id=\"aui_3_2_0_1666\" style=\"font-size: 11px; font-family: 'normal Arial',Helvetica,sans-serif; color: #404040; text-align: justify; margin: 0px; background-color: #f4f4f4; padding: 0px;\"><span style=\"font-size: 14px;\">&#8220;A simples viola\u00e7\u00e3o de algumas dessas normas, havendo nexo casual, cria a presun\u00e7\u00e3o de culpa pelo evidente acidente do trabalho ocorrido, porquanto o dever de conduta do empregador \u00e9 inquestion\u00e1vel, em raz\u00e3o do comando expresso da legisla\u00e7\u00e3o. O descumprimento da conduta legal prescrita j\u00e1 \u00e9 a confirma\u00e7\u00e3o de sua neglig\u00eancia ou culpa contra a legalidade&#8221;, afirmou a magistrada.\u00a0<\/span><\/div>\n<div style=\"font-size: 11px; font-family: 'normal Arial',Helvetica,sans-serif; color: #404040; text-align: justify; margin: 0px; background-color: #f4f4f4; padding: 0px;\"><\/div>\n<div style=\"font-size: 11px; font-family: 'normal Arial',Helvetica,sans-serif; color: #404040; text-align: justify; margin: 0px; background-color: #f4f4f4; padding: 0px;\"><span style=\"font-size: 14px;\"><strong>Senten\u00e7a<\/strong><\/span><\/div>\n<div style=\"font-size: 11px; font-family: 'normal Arial',Helvetica,sans-serif; color: #404040; text-align: justify; margin: 0px; background-color: #f4f4f4; padding: 0px;\"><\/div>\n<div style=\"font-size: 11px; font-family: 'normal Arial',Helvetica,sans-serif; color: #404040; text-align: justify; margin: 0px; background-color: #f4f4f4; padding: 0px;\"><span style=\"font-size: 14px;\">A condena\u00e7\u00e3o foi fixada no valor de R$ 7.500,00 por danos morais, R$ 7.500,00 por danos est\u00e9ticos advindos do acidente de trabalho e uma indeniza\u00e7\u00e3o referente \u00e0 pens\u00e3o mensal paga em parcela \u00fanica no valor de R$ 10.737,11, calculadas com base em 3% do valor da remunera\u00e7\u00e3o recebida pelo obreiro e a expectativa de vida de acordo com a\u00a0<a style=\"text-decoration: none; color: #5a3422;\" href=\"http:\/\/pesquisa.in.gov.br\/imprensa\/jsp\/visualiza\/index.jsp?jornal=1&amp;pagina=88&amp;data=01\/12\/2014\" target=\"_blank\">tabela atual do IBGE<\/a>\u00a0de 74 anos. O trabalhador recebeu tamb\u00e9m uma indeniza\u00e7\u00e3o em raz\u00e3o do seguro de vida no importe de R$ 6.157,01 que, segundo a ju\u00edza, &#8220;a incapacidade permanente do segurado, ainda que parcial para o exerc\u00edcio desta atividade enseja o pagamento de indeniza\u00e7\u00e3o por invalidez permanente&#8221;.\u00a0<\/span><\/div>\n<div style=\"font-size: 11px; font-family: 'normal Arial',Helvetica,sans-serif; color: #404040; text-align: justify; margin: 0px; background-color: #f4f4f4; padding: 0px;\"><\/div>\n<div style=\"font-size: 11px; font-family: 'normal Arial',Helvetica,sans-serif; color: #404040; text-align: justify; margin: 0px; background-color: #f4f4f4; padding: 0px;\"><span style=\"font-size: 14px;\">A empresa tamb\u00e9m foi condenada a pagar os honor\u00e1rios m\u00e9dicos periciais no importe de R$ 1.500,00 e R$ 700,00 de custas processuais. Cabe recurso da decis\u00e3o.\u00a0<\/span><\/div>\n<div style=\"font-size: 11px; font-family: 'normal Arial',Helvetica,sans-serif; color: #404040; text-align: justify; margin: 0px; background-color: #f4f4f4; padding: 0px;\"><\/div>\n<div style=\"font-size: 11px; font-family: 'normal Arial',Helvetica,sans-serif; color: #404040; text-align: justify; margin: 0px; background-color: #f4f4f4; padding: 0px;\"><span style=\"font-size: 12px;\"><em>Ascom\/TRT14 (Amanda Barbosa\/Alberto Alves)<\/em><\/span><\/div>\n<\/div>\n<\/div>\n","protected":false},"excerpt":{"rendered":"<div class=\"mh-excerpt\"><p>O ju\u00edzo da 7\u00aa Vara do Trabalho de Porto Velho condenou a empresa Big A\u00e7o Ind\u00fastria e Com\u00e9rcio EIRELI-EPP a pagar mais de R$ 30 <a class=\"mh-excerpt-more\" href=\"https:\/\/folhaderondonianews.com\/news\/2015\/12\/07\/acidente-causa-amputacao-de-dedo-de-funcionario-e-empresa-deve-pagar-r-30-mil\/\" title=\"Acidente causa amputa\u00e7\u00e3o de dedo de funcion\u00e1rio e empresa deve pagar R$ 30 mil\">[&#8230;]<\/a><\/p>\n<\/div>","protected":false},"author":1,"featured_media":0,"comment_status":"open","ping_status":"closed","sticky":false,"template":"","format":"standard","meta":{"footnotes":""},"categories":[3],"tags":[],"class_list":["post-6463","post","type-post","status-publish","format-standard","hentry","category-cotidiano"],"_links":{"self":[{"href":"https:\/\/folhaderondonianews.com\/news\/wp-json\/wp\/v2\/posts\/6463","targetHints":{"allow":["GET"]}}],"collection":[{"href":"https:\/\/folhaderondonianews.com\/news\/wp-json\/wp\/v2\/posts"}],"about":[{"href":"https:\/\/folhaderondonianews.com\/news\/wp-json\/wp\/v2\/types\/post"}],"author":[{"embeddable":true,"href":"https:\/\/folhaderondonianews.com\/news\/wp-json\/wp\/v2\/users\/1"}],"replies":[{"embeddable":true,"href":"https:\/\/folhaderondonianews.com\/news\/wp-json\/wp\/v2\/comments?post=6463"}],"version-history":[{"count":0,"href":"https:\/\/folhaderondonianews.com\/news\/wp-json\/wp\/v2\/posts\/6463\/revisions"}],"wp:attachment":[{"href":"https:\/\/folhaderondonianews.com\/news\/wp-json\/wp\/v2\/media?parent=6463"}],"wp:term":[{"taxonomy":"category","embeddable":true,"href":"https:\/\/folhaderondonianews.com\/news\/wp-json\/wp\/v2\/categories?post=6463"},{"taxonomy":"post_tag","embeddable":true,"href":"https:\/\/folhaderondonianews.com\/news\/wp-json\/wp\/v2\/tags?post=6463"}],"curies":[{"name":"wp","href":"https:\/\/api.w.org\/{rel}","templated":true}]}}