{"id":6465,"date":"2015-12-07T07:21:19","date_gmt":"2015-12-07T11:21:19","guid":{"rendered":"http:\/\/folhaderondonianews.com\/news\/?p=6465"},"modified":"2015-12-07T07:21:19","modified_gmt":"2015-12-07T11:21:19","slug":"hoje-e-feriado-regimental-na-justica-do-trabalho-em-rondonia-e-acre","status":"publish","type":"post","link":"https:\/\/folhaderondonianews.com\/news\/2015\/12\/07\/hoje-e-feriado-regimental-na-justica-do-trabalho-em-rondonia-e-acre\/","title":{"rendered":"Hoje \u00e9 feriado regimental na Justi\u00e7a do Trabalho em Rond\u00f4nia e Acre"},"content":{"rendered":"<div dir=\"ltr\">\n<div class=\"gmail_default\" style=\"font-family: verdana,sans-serif;\">\n<div style=\"font-size: 11px; font-family: 'normal Arial',Helvetica,sans-serif; color: #404040; text-align: justify; margin: 0px; background-color: #f4f4f4; padding: 0px;\"><span style=\"font-size: 14px;\">O feriado regimental do dia 8 de dezembro de 2015, data que marca o Dia da Justi\u00e7a, foi\u00a0antecipado na Justi\u00e7a do Trabalho da 14\u00aa Regi\u00e3o (Rond\u00f4nia e Acre) para hoje, \u00a0segunda-feira (07\/12).<\/span><\/div>\n<div style=\"font-size: 11px; font-family: 'normal Arial',Helvetica,sans-serif; color: #404040; text-align: justify; margin: 0px; background-color: #f4f4f4; padding: 0px;\"><\/div>\n<div style=\"font-size: 11px; font-family: 'normal Arial',Helvetica,sans-serif; color: #404040; text-align: justify; margin: 0px; background-color: #f4f4f4; padding: 0px;\"><span style=\"font-size: 14px;\">A antecipa\u00e7\u00e3o \u00e9 regulamentada pela Portaria GP n\u00ba 1761, de 24 de julho de 2015, assinada pelo presidente do TRT, desembargador Francisco Jos\u00e9 Pinheiro Cruz, que editou a Portaria n\u00ba 2129, de 12\/12\/2011, a qual prev\u00ea a antecipa\u00e7\u00e3o para as segundas-feiras dos feriados estaduais e regimentais que ocorrem entre ter\u00e7as e quintas-feiras.\u00a0<\/span><\/div>\n<div style=\"font-size: 11px; font-family: 'normal Arial',Helvetica,sans-serif; color: #404040; text-align: justify; margin: 0px; background-color: #f4f4f4; padding: 0px;\"><\/div>\n<div style=\"font-size: 11px; font-family: 'normal Arial',Helvetica,sans-serif; color: #404040; text-align: justify; margin: 0px; background-color: #f4f4f4; padding: 0px;\"><span style=\"font-size: 14px;\">As exce\u00e7\u00f5es s\u00e3o para os feriados regimentais de Quarta-feira de Cinzas, Semana Santa (quarta e quinta-feira), Dia de Todos os Santos (1\u00ba de novembro) e Dia do Advogado, dos Cursos Jur\u00eddicos e do Magistrado (11 de agosto).<\/span><\/div>\n<\/div>\n<\/div>\n","protected":false},"excerpt":{"rendered":"<div class=\"mh-excerpt\"><p>O feriado regimental do dia 8 de dezembro de 2015, data que marca o Dia da Justi\u00e7a, foi\u00a0antecipado na Justi\u00e7a do Trabalho da 14\u00aa Regi\u00e3o <a class=\"mh-excerpt-more\" href=\"https:\/\/folhaderondonianews.com\/news\/2015\/12\/07\/hoje-e-feriado-regimental-na-justica-do-trabalho-em-rondonia-e-acre\/\" title=\"Hoje \u00e9 feriado regimental na Justi\u00e7a do Trabalho em Rond\u00f4nia e Acre\">[&#8230;]<\/a><\/p>\n<\/div>","protected":false},"author":1,"featured_media":0,"comment_status":"open","ping_status":"closed","sticky":false,"template":"","format":"standard","meta":{"footnotes":""},"categories":[3],"tags":[],"class_list":["post-6465","post","type-post","status-publish","format-standard","hentry","category-cotidiano"],"_links":{"self":[{"href":"https:\/\/folhaderondonianews.com\/news\/wp-json\/wp\/v2\/posts\/6465","targetHints":{"allow":["GET"]}}],"collection":[{"href":"https:\/\/folhaderondonianews.com\/news\/wp-json\/wp\/v2\/posts"}],"about":[{"href":"https:\/\/folhaderondonianews.com\/news\/wp-json\/wp\/v2\/types\/post"}],"author":[{"embeddable":true,"href":"https:\/\/folhaderondonianews.com\/news\/wp-json\/wp\/v2\/users\/1"}],"replies":[{"embeddable":true,"href":"https:\/\/folhaderondonianews.com\/news\/wp-json\/wp\/v2\/comments?post=6465"}],"version-history":[{"count":0,"href":"https:\/\/folhaderondonianews.com\/news\/wp-json\/wp\/v2\/posts\/6465\/revisions"}],"wp:attachment":[{"href":"https:\/\/folhaderondonianews.com\/news\/wp-json\/wp\/v2\/media?parent=6465"}],"wp:term":[{"taxonomy":"category","embeddable":true,"href":"https:\/\/folhaderondonianews.com\/news\/wp-json\/wp\/v2\/categories?post=6465"},{"taxonomy":"post_tag","embeddable":true,"href":"https:\/\/folhaderondonianews.com\/news\/wp-json\/wp\/v2\/tags?post=6465"}],"curies":[{"name":"wp","href":"https:\/\/api.w.org\/{rel}","templated":true}]}}