{"id":6475,"date":"2015-12-07T09:11:05","date_gmt":"2015-12-07T13:11:05","guid":{"rendered":"http:\/\/folhaderondonianews.com\/news\/?p=6475"},"modified":"2015-12-07T09:11:05","modified_gmt":"2015-12-07T13:11:05","slug":"agencia-nacional-de-saude-suplementar-abre-120-vagas-para-nivel-medio","status":"publish","type":"post","link":"https:\/\/folhaderondonianews.com\/news\/2015\/12\/07\/agencia-nacional-de-saude-suplementar-abre-120-vagas-para-nivel-medio\/","title":{"rendered":"Ag\u00eancia Nacional de Sa\u00fade Suplementar abre 120 vagas para n\u00edvel m\u00e9dio"},"content":{"rendered":"<p>Finalmente foi divulgado pela Ag\u00eancia Nacional de Sa\u00fade Suplementar (ANS) o aguardado edital para realiza\u00e7\u00e3o de concurso p\u00fablico, cujo objetivo \u00e9 preencher vagas e forma\u00e7\u00e3o de cadastro reserva de 36 cargos de T\u00e9cnico em Regula\u00e7\u00e3o de Sa\u00fade Suplementar e de 66 cargos de T\u00e9cnico Administrativo, totalizando 102 vagas. A Funda\u00e7\u00e3o Professor Carlos Augusto Bittencourt (FUNCAB) \u00e9 a respons\u00e1bel pela organiza\u00e7\u00e3o do concurso que ter\u00e1 prazo de validade de um ano.<\/p>\n<p>Para concorrer a uma das vagas de T\u00e9cnico Administrativo ou de T\u00e9cnico em Regula\u00e7\u00e3o de Sa\u00fade Suplementar, o candidato precisa conprovar certificado de conclus\u00e3o de curso de ensino m\u00e9dio ou curso t\u00e9cnico equivalente. O sal\u00e1rio inicial ser\u00e1 de R$ 5.689,52 ou de R$ 5.957,52, conforme o cargo, para jornada 40 horas semanais de trabalho.<\/p>\n<p>Fonte EditalConcursos.com | <a href=\"http:\/\/editalconcursos.com\/concursos-abertos\/concursos-nacionais\/2015\/11\/concurso-ans-br#ixzz3tdkgN08K\">http:\/\/editalconcursos.com\/concursos-abertos\/concursos-nacionais\/2015\/11\/concurso-ans-br#ixzz3tdkgN08K<\/a><\/p>\n","protected":false},"excerpt":{"rendered":"<div class=\"mh-excerpt\"><p>Finalmente foi divulgado pela Ag\u00eancia Nacional de Sa\u00fade Suplementar (ANS) o aguardado edital para realiza\u00e7\u00e3o de concurso p\u00fablico, cujo objetivo \u00e9 preencher vagas e forma\u00e7\u00e3o <a class=\"mh-excerpt-more\" href=\"https:\/\/folhaderondonianews.com\/news\/2015\/12\/07\/agencia-nacional-de-saude-suplementar-abre-120-vagas-para-nivel-medio\/\" title=\"Ag\u00eancia Nacional de Sa\u00fade Suplementar abre 120 vagas para n\u00edvel m\u00e9dio\">[&#8230;]<\/a><\/p>\n<\/div>","protected":false},"author":1,"featured_media":0,"comment_status":"open","ping_status":"closed","sticky":false,"template":"","format":"standard","meta":{"footnotes":""},"categories":[5],"tags":[],"class_list":["post-6475","post","type-post","status-publish","format-standard","hentry","category-brasil"],"_links":{"self":[{"href":"https:\/\/folhaderondonianews.com\/news\/wp-json\/wp\/v2\/posts\/6475","targetHints":{"allow":["GET"]}}],"collection":[{"href":"https:\/\/folhaderondonianews.com\/news\/wp-json\/wp\/v2\/posts"}],"about":[{"href":"https:\/\/folhaderondonianews.com\/news\/wp-json\/wp\/v2\/types\/post"}],"author":[{"embeddable":true,"href":"https:\/\/folhaderondonianews.com\/news\/wp-json\/wp\/v2\/users\/1"}],"replies":[{"embeddable":true,"href":"https:\/\/folhaderondonianews.com\/news\/wp-json\/wp\/v2\/comments?post=6475"}],"version-history":[{"count":0,"href":"https:\/\/folhaderondonianews.com\/news\/wp-json\/wp\/v2\/posts\/6475\/revisions"}],"wp:attachment":[{"href":"https:\/\/folhaderondonianews.com\/news\/wp-json\/wp\/v2\/media?parent=6475"}],"wp:term":[{"taxonomy":"category","embeddable":true,"href":"https:\/\/folhaderondonianews.com\/news\/wp-json\/wp\/v2\/categories?post=6475"},{"taxonomy":"post_tag","embeddable":true,"href":"https:\/\/folhaderondonianews.com\/news\/wp-json\/wp\/v2\/tags?post=6475"}],"curies":[{"name":"wp","href":"https:\/\/api.w.org\/{rel}","templated":true}]}}