{"id":8286,"date":"2016-02-14T15:29:53","date_gmt":"2016-02-14T19:29:53","guid":{"rendered":"http:\/\/folhaderondonianews.com\/news\/?p=8286"},"modified":"2016-02-14T15:29:53","modified_gmt":"2016-02-14T19:29:53","slug":"setor-produtivo-reune-frigorificos-governo-e-deputados-para-debater-preco-do-boi","status":"publish","type":"post","link":"https:\/\/folhaderondonianews.com\/news\/2016\/02\/14\/setor-produtivo-reune-frigorificos-governo-e-deputados-para-debater-preco-do-boi\/","title":{"rendered":"Setor produtivo re\u00fane frigor\u00edficos, Governo e Deputados para debater pre\u00e7o do boi"},"content":{"rendered":"<p>Equilibrar o pre\u00e7o da compra e venda do gado de corte em Rond\u00f4nia, em compara\u00e7\u00e3o com outros estados grandes produtores, ser\u00e1 a principal pauta de reuni\u00e3o que acontece nesta segunda-feira (15\/02), no pal\u00e1cio do governo, a partir das 15h. Fomentados pelo setor produtivo que promoveu no estado o movimento \u201cGrito da Terra\u201d, Governo, Assembleia e bancada Federal se juntaram a esta campanha e promoveram a reuni\u00e3o que contar\u00e1 com a presen\u00e7a dos representantes dos frigor\u00edficos do estado.<\/p>\n<p>Os pecuaristas alertam que a manuten\u00e7\u00e3o do pre\u00e7o da carne em Rond\u00f4nia no atual patamar causar\u00e1 um preju\u00edzo de aproximadamente R$ 1 bilh\u00e3o em 2016, gerando s\u00e9rios danos ao setor do agroneg\u00f3cio, que representa hoje 50% do Produto Interno Bruto (PIB) do estado.<\/p>\n<p>Conforme dados da Pesquisa Semanal de Pre\u00e7os da Empresa de Assist\u00eancia T\u00e9cnica e Extens\u00e3o Rural do Estado de Rond\u00f4nia (Emater-RO), desde setembro de 2014, nas quinze pra\u00e7as rondonienses de compra e venda, o pre\u00e7o m\u00e9dio da arroba do boi gordo \u00e0 vista \u00e9 de R$ 120,66. O valor n\u00e3o acompanha o mercado da regi\u00e3o e est\u00e1 cerca de 16% abaixo do praticado em Mato Grosso, Minas Gerais e Goi\u00e1s, por exemplo.<\/p>\n<p>O \u201cGrito da Pecu\u00e1ria\u201d teve in\u00edcio em meados de janeiro na cidade de Vilhena. De l\u00e1, o movimento passou por Cacoal, Ji-Paran\u00e1, Ariquemes e Jaru, tendo como ponto final Porto Velho. Em todas as cidades, os pecuaristas reclamaram do achatamento dos valores do boi de corte nos \u00faltimos meses, o que vem prejudicando o setor.<\/p>\n<p>Empres\u00e1rios e integrantes das entidades que organizaram a caravana: Federa\u00e7\u00e3o da Agricultura e Pecu\u00e1ria de Rond\u00f4nia (Faperon), Associa\u00e7\u00e3o dos Propriet\u00e1rios Rurais de Rond\u00f4nia (Aprro), do Sindicato dos Pecuaristas do Estado de Rond\u00f4nia (Sinpec) e Associa\u00e7\u00e3o dos Criadores de Gado Nelore de Rond\u00f4nia (ACNR) est\u00e3o confiantes que a reuni\u00e3o do setor produtivo com o Executivo, Legislativo e representantes dos frigor\u00edficos\u00a0 ser\u00e1 um passo importante para a proposta de alinhamento de pre\u00e7os, desta forma valorizar o setor, grande respons\u00e1vel pelo crescimento da economia no Estado.<\/p>\n<p>Na reuni\u00e3o, est\u00e1 confirmada a presen\u00e7a do governador Conf\u00facio Moura (PMDB), do presidente da ALE\/RO, Maur\u00e3o de Carvalho (PP), dos senadores Valdir Raupp (PMDB-RO) e Ivo Cassol (PP-RO), representantes dos frigor\u00edficos e do setor produtivo de Rond\u00f4nia.<\/p>\n","protected":false},"excerpt":{"rendered":"<div class=\"mh-excerpt\"><p>Equilibrar o pre\u00e7o da compra e venda do gado de corte em Rond\u00f4nia, em compara\u00e7\u00e3o com outros estados grandes produtores, ser\u00e1 a principal pauta de reuni\u00e3o que acontece nesta segunda-feira (15\/02), no pal\u00e1cio do governo, a partir das 15 horas. <\/p>\n<\/div>","protected":false},"author":1,"featured_media":8287,"comment_status":"open","ping_status":"closed","sticky":false,"template":"","format":"standard","meta":{"footnotes":""},"categories":[6],"tags":[250,251,42],"class_list":["post-8286","post","type-post","status-publish","format-standard","has-post-thumbnail","hentry","category-agronegocio","tag-arroba","tag-boi","tag-rondonia"],"_links":{"self":[{"href":"https:\/\/folhaderondonianews.com\/news\/wp-json\/wp\/v2\/posts\/8286","targetHints":{"allow":["GET"]}}],"collection":[{"href":"https:\/\/folhaderondonianews.com\/news\/wp-json\/wp\/v2\/posts"}],"about":[{"href":"https:\/\/folhaderondonianews.com\/news\/wp-json\/wp\/v2\/types\/post"}],"author":[{"embeddable":true,"href":"https:\/\/folhaderondonianews.com\/news\/wp-json\/wp\/v2\/users\/1"}],"replies":[{"embeddable":true,"href":"https:\/\/folhaderondonianews.com\/news\/wp-json\/wp\/v2\/comments?post=8286"}],"version-history":[{"count":0,"href":"https:\/\/folhaderondonianews.com\/news\/wp-json\/wp\/v2\/posts\/8286\/revisions"}],"wp:featuredmedia":[{"embeddable":true,"href":"https:\/\/folhaderondonianews.com\/news\/wp-json\/wp\/v2\/media\/8287"}],"wp:attachment":[{"href":"https:\/\/folhaderondonianews.com\/news\/wp-json\/wp\/v2\/media?parent=8286"}],"wp:term":[{"taxonomy":"category","embeddable":true,"href":"https:\/\/folhaderondonianews.com\/news\/wp-json\/wp\/v2\/categories?post=8286"},{"taxonomy":"post_tag","embeddable":true,"href":"https:\/\/folhaderondonianews.com\/news\/wp-json\/wp\/v2\/tags?post=8286"}],"curies":[{"name":"wp","href":"https:\/\/api.w.org\/{rel}","templated":true}]}}