{"id":8698,"date":"2016-02-26T23:41:40","date_gmt":"2016-02-27T03:41:40","guid":{"rendered":"http:\/\/folhaderondonianews.com\/news\/?p=8698"},"modified":"2016-02-26T23:43:53","modified_gmt":"2016-02-27T03:43:53","slug":"maurao-incentiva-marcelino-tenorio-a-lancar-pre-candidatura-a-prefeito-de-ouro-preto","status":"publish","type":"post","link":"https:\/\/folhaderondonianews.com\/news\/2016\/02\/26\/maurao-incentiva-marcelino-tenorio-a-lancar-pre-candidatura-a-prefeito-de-ouro-preto\/","title":{"rendered":"Maur\u00e3o incentiva Marcelino Ten\u00f3rio a lan\u00e7ar pr\u00e9-candidatura a prefeito de Ouro Preto"},"content":{"rendered":"<p>Durante visita \u00e0 cidade de <strong>Ouro Preto do Oeste<\/strong>, na manh\u00e3 desta sexta-feira (26), o presidente da Assembleia Legislativa, <strong>Maur\u00e3o de Carvalho<\/strong>, fez o convite para que o deputado estadual<strong> Marcelino Ten\u00f3rio<\/strong> (PRP-Ouro Preto) lance seu nome como pr\u00e9-candidato a prefeito do munic\u00edpio.<\/p>\n<p>\u201cMarcelino est\u00e1 em seu segundo mandato como deputado e tem uma atua\u00e7\u00e3o destacada. Acompanho a sua trajet\u00f3ria pol\u00edtica e a sua reelei\u00e7\u00e3o, com uma vota\u00e7\u00e3o expressiva, comprova que a popula\u00e7\u00e3o reconhece o seu trabalho e por isso ele seria um nome para disputar a Prefeitura de Ouro Preto\u201d, destacou Maur\u00e3o.<\/p>\n<p>Marcelino \u00e9 o atual presidente da Comiss\u00e3o de Justi\u00e7a e Reda\u00e7\u00e3o da Assembleia. Segundo Maur\u00e3o, o deputado Marcelino Ten\u00f3rio adquiriu experi\u00eancia pol\u00edtica como parlamentar, que o credencia a lan\u00e7ar seu nome como pr\u00e9-candidato a prefeito.<\/p>\n<p>\u201cTen\u00f3rio tem o perfil de gestor e poder\u00e1 dar continuidade ao trabalho equilibrado, eficiente e de resultados que tem sido desenvolvido na atual gest\u00e3o do prefeito Alex Testoni\u201d, completou o presidente.<\/p>\n<p>Marcelino agradeceu pela indica\u00e7\u00e3o de seu nome para uma eventual pr\u00e9-candidatura a prefeito. \u201cEsse reconhecimento ao nosso trabalho nos motiva e nos d\u00e1 mais responsabilidade ainda. Vamos avaliar com as nossas bases essa possibilidade de disputarmos a prefeitura\u201d, afirmou.<\/p>\n<p>Maur\u00e3o e Ten\u00f3rio confirmaram que receberam convite da dire\u00e7\u00e3o do PMDB para se filiarem ao partido. O presidente da Assembleia, inclusive, j\u00e1 pediu a sua desfilia\u00e7\u00e3o do PP e vai decidir na pr\u00f3xima semana para qual legenda se filiar\u00e1 e convidou Marcelino para seguir junto ao mesmo partido.<\/p>\n","protected":false},"excerpt":{"rendered":"<div class=\"mh-excerpt\"><p>Durante visita \u00e0 cidade de Ouro Preto do Oeste, na manh\u00e3 desta sexta-feira (26), o presidente da Assembleia Legislativa, Maur\u00e3o de Carvalho, fez o convite <a class=\"mh-excerpt-more\" href=\"https:\/\/folhaderondonianews.com\/news\/2016\/02\/26\/maurao-incentiva-marcelino-tenorio-a-lancar-pre-candidatura-a-prefeito-de-ouro-preto\/\" title=\"Maur\u00e3o incentiva Marcelino Ten\u00f3rio a lan\u00e7ar pr\u00e9-candidatura a prefeito de Ouro Preto\">[&#8230;]<\/a><\/p>\n<\/div>","protected":false},"author":1,"featured_media":8700,"comment_status":"open","ping_status":"closed","sticky":false,"template":"","format":"standard","meta":{"footnotes":""},"categories":[9],"tags":[147,428,47,228,209,286],"class_list":["post-8698","post","type-post","status-publish","format-standard","has-post-thumbnail","hentry","category-politica","tag-candidato","tag-marcelino","tag-ouro","tag-prefeito","tag-preto_do_oeste","tag-tenorio"],"_links":{"self":[{"href":"https:\/\/folhaderondonianews.com\/news\/wp-json\/wp\/v2\/posts\/8698","targetHints":{"allow":["GET"]}}],"collection":[{"href":"https:\/\/folhaderondonianews.com\/news\/wp-json\/wp\/v2\/posts"}],"about":[{"href":"https:\/\/folhaderondonianews.com\/news\/wp-json\/wp\/v2\/types\/post"}],"author":[{"embeddable":true,"href":"https:\/\/folhaderondonianews.com\/news\/wp-json\/wp\/v2\/users\/1"}],"replies":[{"embeddable":true,"href":"https:\/\/folhaderondonianews.com\/news\/wp-json\/wp\/v2\/comments?post=8698"}],"version-history":[{"count":0,"href":"https:\/\/folhaderondonianews.com\/news\/wp-json\/wp\/v2\/posts\/8698\/revisions"}],"wp:featuredmedia":[{"embeddable":true,"href":"https:\/\/folhaderondonianews.com\/news\/wp-json\/wp\/v2\/media\/8700"}],"wp:attachment":[{"href":"https:\/\/folhaderondonianews.com\/news\/wp-json\/wp\/v2\/media?parent=8698"}],"wp:term":[{"taxonomy":"category","embeddable":true,"href":"https:\/\/folhaderondonianews.com\/news\/wp-json\/wp\/v2\/categories?post=8698"},{"taxonomy":"post_tag","embeddable":true,"href":"https:\/\/folhaderondonianews.com\/news\/wp-json\/wp\/v2\/tags?post=8698"}],"curies":[{"name":"wp","href":"https:\/\/api.w.org\/{rel}","templated":true}]}}