{"id":8871,"date":"2016-03-02T23:20:33","date_gmt":"2016-03-03T03:20:33","guid":{"rendered":"http:\/\/folhaderondonianews.com\/news\/?p=8871"},"modified":"2016-03-02T23:36:11","modified_gmt":"2016-03-03T03:36:11","slug":"ouro-preto-e-modelo-de-gestao-a-ser-copiado-diz-maurao","status":"publish","type":"post","link":"https:\/\/folhaderondonianews.com\/news\/2016\/03\/02\/ouro-preto-e-modelo-de-gestao-a-ser-copiado-diz-maurao\/","title":{"rendered":"Ouro Preto \u00e9 modelo de gest\u00e3o a ser copiado, diz Maur\u00e3o de Carvalho"},"content":{"rendered":"<p>O presidente da Assembleia Legislativa, Maur\u00e3o de Carvalho, visitou a estrutura do Parque do Bosque, rec\u00e9m-inaugurado em Ouro Preto do Oeste, acompanhado do prefeito Alex Testoni e do residente regional do Departamento de Estradas de Rodagens (DER), Adnaldo de Andrade.<\/p>\n<p>\u201c\u00c9 um espa\u00e7o de lazer e de pr\u00e1tica de atividades f\u00edsicas e desportivas, que a popula\u00e7\u00e3o de Ouro Preto pode usufruir. \u00c9 um modelo de gest\u00e3o e de cuidado que precisa ser copiado pelos demais prefeitos, para levarem aos seus munic\u00edpios\u201d, destacou Maur\u00e3o.<\/p>\n<p>O local recebe, durante a semana, entre 800 e mil\u00a0visitantes. Nos fins\u00a0de semana, esse n\u00famero chega a 1.500. \u201cEsta obra foi executada pelo governo, em parceria com a prefeitura, e inaugurada em dezembro de 2015. Estamos mantendo a estrutura limpa e de portas abertas \u00e0 popula\u00e7\u00e3o\u201d, completou Testoni.<\/p>\n<p>Maur\u00e3o elogiou a gest\u00e3o de Alex Testoni em Ouro Preto. \u201cO prefeito est\u00e1 encerrando seu segundo mandato, com as contas enxutas, com a cidade bem cuidada e um modelo de administra\u00e7\u00e3o que deve ser copiado por outros munic\u00edpios\u201d, acrescentou.<\/p>\n<p>A \u00e1rea do parque, incluindo uma reserva ambiental, tem 53 mil m\u00b2 \u00a0e oferece duas academias ao ar livre, pista de skate, \u00e1rea de caminhada, pistas de ciclismo e de atletismo, al\u00e9m de quiosques, banheiros e uma quadra de grama sint\u00e9tica.<\/p>\n<p>Da assesoria.<\/p>\n","protected":false},"excerpt":{"rendered":"<div class=\"mh-excerpt\"><p>O presidente da Assembleia Legislativa de Rond\u00f4nia, Carl\u00e3o de Oliveira, ficou impressionado com a gest\u00e3o administrativa do prefeito Alex Testoni em Ouro Preto do Oeste, e disse que \u00e9 um modelo a ser copiado por outras cidades.<\/p>\n<\/div>","protected":false},"author":1,"featured_media":8872,"comment_status":"open","ping_status":"closed","sticky":false,"template":"","format":"standard","meta":{"footnotes":""},"categories":[9],"tags":[],"class_list":["post-8871","post","type-post","status-publish","format-standard","has-post-thumbnail","hentry","category-politica"],"_links":{"self":[{"href":"https:\/\/folhaderondonianews.com\/news\/wp-json\/wp\/v2\/posts\/8871","targetHints":{"allow":["GET"]}}],"collection":[{"href":"https:\/\/folhaderondonianews.com\/news\/wp-json\/wp\/v2\/posts"}],"about":[{"href":"https:\/\/folhaderondonianews.com\/news\/wp-json\/wp\/v2\/types\/post"}],"author":[{"embeddable":true,"href":"https:\/\/folhaderondonianews.com\/news\/wp-json\/wp\/v2\/users\/1"}],"replies":[{"embeddable":true,"href":"https:\/\/folhaderondonianews.com\/news\/wp-json\/wp\/v2\/comments?post=8871"}],"version-history":[{"count":0,"href":"https:\/\/folhaderondonianews.com\/news\/wp-json\/wp\/v2\/posts\/8871\/revisions"}],"wp:featuredmedia":[{"embeddable":true,"href":"https:\/\/folhaderondonianews.com\/news\/wp-json\/wp\/v2\/media\/8872"}],"wp:attachment":[{"href":"https:\/\/folhaderondonianews.com\/news\/wp-json\/wp\/v2\/media?parent=8871"}],"wp:term":[{"taxonomy":"category","embeddable":true,"href":"https:\/\/folhaderondonianews.com\/news\/wp-json\/wp\/v2\/categories?post=8871"},{"taxonomy":"post_tag","embeddable":true,"href":"https:\/\/folhaderondonianews.com\/news\/wp-json\/wp\/v2\/tags?post=8871"}],"curies":[{"name":"wp","href":"https:\/\/api.w.org\/{rel}","templated":true}]}}