{"id":960,"date":"2013-06-13T08:45:59","date_gmt":"2013-06-13T12:45:59","guid":{"rendered":"http:\/\/folhaderondonianews.com\/news\/?p=960"},"modified":"2019-03-08T21:50:15","modified_gmt":"2019-03-09T01:50:15","slug":"comissao-de-agricultura-discute-reconstrucao-de-rodovia-que-liga-porto-velho-a-manaus","status":"publish","type":"post","link":"https:\/\/folhaderondonianews.com\/news\/2013\/06\/13\/comissao-de-agricultura-discute-reconstrucao-de-rodovia-que-liga-porto-velho-a-manaus\/","title":{"rendered":"Comiss\u00e3o de Agricultura discute reconstru\u00e7\u00e3o de rodovia que liga Porto Velho a Manaus"},"content":{"rendered":"<p><span style=\"font-size: 13px; line-height: 19px;\">A Comiss\u00e3o de Agricultura e Reforma Agr\u00e1ria (CRA) realiza neste momento \u00a0audi\u00eancia p\u00fablica com o Eug\u00eanio Costa, representante do Instituto Brasileiro do Meio Ambiente e dos Recursos Naturais Renov\u00e1veis (Ibama), e Jorge Fraxe, diretor-geral do Departamento Nacional de Infraestrutura de Transporte (Dnit).<\/span><\/p>\n<p>Os senadores cobram dessas autoridades maior agilidade na obten\u00e7\u00e3o de licen\u00e7a ambiental para obra de reconstru\u00e7\u00e3o da BR-319, que liga Porto Velho a Manaus. Autor do requerimento propondo o debate, o senador Acir Gurgacz (PDT-RO) explica que tamb\u00e9m ser\u00e3o discutidas a\u00e7\u00f5es do Dnit para a libera\u00e7\u00e3o da via. O senador Valdir Raupp participa da audi\u00eancia.<\/p>\n<p>Tamb\u00e9m participa do debate Roger P\u00eagas, diretor de Infraestrutura do Dnit. A audi\u00eancia p\u00fablica est\u00e1 sendo realizada na sala 15 da Ala Alexandre Costa.<\/p>\n<p>No in\u00edcio da reuni\u00e3o, os senadores da CRA aprovaram requerimento de autoria do senador Rubem Figueir\u00f3 (PSDB-MS) para debater sobre os conflitos entre ind\u00edgenas e produtores rurais.<\/p>\n","protected":false},"excerpt":{"rendered":"<div class=\"mh-excerpt\"><p>A Comiss\u00e3o de Agricultura e Reforma Agr\u00e1ria (CRA) realiza neste momento \u00a0audi\u00eancia p\u00fablica com o Eug\u00eanio Costa, representante do Instituto Brasileiro do Meio Ambiente e <a class=\"mh-excerpt-more\" href=\"https:\/\/folhaderondonianews.com\/news\/2013\/06\/13\/comissao-de-agricultura-discute-reconstrucao-de-rodovia-que-liga-porto-velho-a-manaus\/\" title=\"Comiss\u00e3o de Agricultura discute reconstru\u00e7\u00e3o de rodovia que liga Porto Velho a Manaus\">[&#8230;]<\/a><\/p>\n<\/div>","protected":false},"author":1,"featured_media":0,"comment_status":"open","ping_status":"closed","sticky":false,"template":"","format":"standard","meta":{"footnotes":""},"categories":[3],"tags":[4483,1626,211,4484,3211],"class_list":["post-960","post","type-post","status-publish","format-standard","hentry","category-cotidiano","tag-comissao-de-agricultura","tag-manaus","tag-porto-velho","tag-reconstrucao","tag-rodovia"],"_links":{"self":[{"href":"https:\/\/folhaderondonianews.com\/news\/wp-json\/wp\/v2\/posts\/960","targetHints":{"allow":["GET"]}}],"collection":[{"href":"https:\/\/folhaderondonianews.com\/news\/wp-json\/wp\/v2\/posts"}],"about":[{"href":"https:\/\/folhaderondonianews.com\/news\/wp-json\/wp\/v2\/types\/post"}],"author":[{"embeddable":true,"href":"https:\/\/folhaderondonianews.com\/news\/wp-json\/wp\/v2\/users\/1"}],"replies":[{"embeddable":true,"href":"https:\/\/folhaderondonianews.com\/news\/wp-json\/wp\/v2\/comments?post=960"}],"version-history":[{"count":0,"href":"https:\/\/folhaderondonianews.com\/news\/wp-json\/wp\/v2\/posts\/960\/revisions"}],"wp:attachment":[{"href":"https:\/\/folhaderondonianews.com\/news\/wp-json\/wp\/v2\/media?parent=960"}],"wp:term":[{"taxonomy":"category","embeddable":true,"href":"https:\/\/folhaderondonianews.com\/news\/wp-json\/wp\/v2\/categories?post=960"},{"taxonomy":"post_tag","embeddable":true,"href":"https:\/\/folhaderondonianews.com\/news\/wp-json\/wp\/v2\/tags?post=960"}],"curies":[{"name":"wp","href":"https:\/\/api.w.org\/{rel}","templated":true}]}}