{"id":9631,"date":"2016-03-31T21:13:31","date_gmt":"2016-04-01T01:13:31","guid":{"rendered":"http:\/\/folhaderondonianews.com\/news\/?p=9631"},"modified":"2016-03-31T21:13:31","modified_gmt":"2016-04-01T01:13:31","slug":"onda-de-odio-nao-pode-continuar-diz-ministro-da-justica","status":"publish","type":"post","link":"https:\/\/folhaderondonianews.com\/news\/2016\/03\/31\/onda-de-odio-nao-pode-continuar-diz-ministro-da-justica\/","title":{"rendered":"\u201cOnda de \u00f3dio n\u00e3o pode continuar\u201d, diz ministro da Justi\u00e7a"},"content":{"rendered":"<header>\n<div class=\"node-info\"><em>Andr\u00e9 Richter &#8211; Rep\u00f3rter da Ag\u00eancia Brasil &#8211;<\/em><strong>\u00a0<\/strong>O ministro da Justi\u00e7a, Eug\u00eanio Arag\u00e3o, disse hoje (31) que \u00e9 preciso fazer um alerta ao pa\u00eds de que a \u201conda de \u00f3dio n\u00e3o pode continuar\u201d. Arag\u00e3o se reuniu no in\u00edcio da noite com o presidente do Supremo Tribunal Federal (STF), Ricardo Lewandowski.<\/div>\n<\/header>\n<div class=\"content\">\n<p>Eles conversaram sobre as investiga\u00e7\u00f5es da Pol\u00edcia Federal e amea\u00e7as sofridas por ministros da Corte, ap\u00f3s decis\u00f5es envolvendo o processo de <em>impeachment<\/em> e a investiga\u00e7\u00e3o do ex-presidente Luiz In\u00e1cio Lula da Silva na Opera\u00e7\u00e3o Lava Jato.<\/p>\n<p>De acordo com Arag\u00e3o, ju\u00edzes n\u00e3o podem sofrer a amea\u00e7as por causa de suas decis\u00f5es. &#8220;A Constitui\u00e7\u00e3o garante aos nossos ju\u00edzes a independ\u00eancia. N\u00f3s temos que garantir que eles julguem a partir de sua consci\u00eancia e do texto constitucional, disse.<\/p>\n<p>Para ele, \u201cn\u00e3o \u00e9 admiss\u00edvel que se comece a agredir um ministro e suas fam\u00edlias em raz\u00e3o de opini\u00f5es leigas diferentes e, muitas vezes, inspiradas por notici\u00e1rio deturpado\u201d.<\/p>\n<p>O ministro da Justi\u00e7a entende que \u201cesse \u00e9 o momento certo para a gente alertar o pa\u00eds de que essa onda de \u00f3dio n\u00e3o pode continuar. N\u00f3s precisamos garantir o funcionamento das nossas institui\u00e7\u00f5es.&#8221;<\/p>\n<p>Sobre as amea\u00e7as ao juiz federal S\u00e9rgio Moro, que conduz as investiga\u00e7\u00f5es da Opera\u00e7\u00e3o Lava Jato, o ministro da Justi\u00e7a disse que se receber alguma representa\u00e7\u00e3o, o minist\u00e9rio agir\u00e1.<\/p>\n<p>Ontem (30), a Pol\u00edcia Federal (PF) identificou suspeitos de amea\u00e7ar e injuriar o ministro do STF Teori Zavascki. Alguns deles foram localizados no Rio Grande do Sul e outros fora do estado. A PF n\u00e3o divulgou o n\u00famero de suspeitos identificados e nem quantas pessoas s\u00e3o monitoradas.<\/p>\n<p>O inqu\u00e9rito foi aberto h\u00e1 uma semana a pedido do ministro Zavascki. Ele recebeu, no dia 22 de mar\u00e7o, mensagens ofensivas por meio das redes sociais e do endere\u00e7o de email, depois de ter determinado ao juiz federal Sergio Moro que enviasse ao STF as investiga\u00e7\u00f5es da Lava Jato que envolviam o nome do ex-presidente Lula.<\/p>\n<\/div>\n","protected":false},"excerpt":{"rendered":"<div class=\"mh-excerpt\"><p>O ministro da Justi\u00e7a, Eug\u00eanio Arag\u00e3o, disse hoje (31) que \u00e9 preciso fazer um alerta ao pa\u00eds de que a \u201conda de \u00f3dio n\u00e3o pode continuar\u201d. Arag\u00e3o se reuniu no in\u00edcio da noite com o presidente do Supremo Tribunal Federal (STF), Ricardo Lewandowski.<\/p>\n<\/div>","protected":false},"author":1,"featured_media":9632,"comment_status":"open","ping_status":"closed","sticky":false,"template":"","format":"standard","meta":{"footnotes":""},"categories":[9],"tags":[792,791,790],"class_list":["post-9631","post","type-post","status-publish","format-standard","has-post-thumbnail","hentry","category-politica","tag-eugenio-aragao","tag-onda-de-odio-nao-pode-continuar","tag-ricardo-lewandowski"],"_links":{"self":[{"href":"https:\/\/folhaderondonianews.com\/news\/wp-json\/wp\/v2\/posts\/9631","targetHints":{"allow":["GET"]}}],"collection":[{"href":"https:\/\/folhaderondonianews.com\/news\/wp-json\/wp\/v2\/posts"}],"about":[{"href":"https:\/\/folhaderondonianews.com\/news\/wp-json\/wp\/v2\/types\/post"}],"author":[{"embeddable":true,"href":"https:\/\/folhaderondonianews.com\/news\/wp-json\/wp\/v2\/users\/1"}],"replies":[{"embeddable":true,"href":"https:\/\/folhaderondonianews.com\/news\/wp-json\/wp\/v2\/comments?post=9631"}],"version-history":[{"count":0,"href":"https:\/\/folhaderondonianews.com\/news\/wp-json\/wp\/v2\/posts\/9631\/revisions"}],"wp:featuredmedia":[{"embeddable":true,"href":"https:\/\/folhaderondonianews.com\/news\/wp-json\/wp\/v2\/media\/9632"}],"wp:attachment":[{"href":"https:\/\/folhaderondonianews.com\/news\/wp-json\/wp\/v2\/media?parent=9631"}],"wp:term":[{"taxonomy":"category","embeddable":true,"href":"https:\/\/folhaderondonianews.com\/news\/wp-json\/wp\/v2\/categories?post=9631"},{"taxonomy":"post_tag","embeddable":true,"href":"https:\/\/folhaderondonianews.com\/news\/wp-json\/wp\/v2\/tags?post=9631"}],"curies":[{"name":"wp","href":"https:\/\/api.w.org\/{rel}","templated":true}]}}