{"id":964,"date":"2013-06-13T08:57:50","date_gmt":"2013-06-13T12:57:50","guid":{"rendered":"http:\/\/folhaderondonianews.com\/news\/?p=964"},"modified":"2013-06-13T08:57:50","modified_gmt":"2013-06-13T12:57:50","slug":"fatos-que-marcaram-a-17a-sessao-da-camara-dos-vereadores-de-ji-parana","status":"publish","type":"post","link":"https:\/\/folhaderondonianews.com\/news\/2013\/06\/13\/fatos-que-marcaram-a-17a-sessao-da-camara-dos-vereadores-de-ji-parana\/","title":{"rendered":"Fatos que marcaram a 17\u00aa sess\u00e3o da C\u00e2mara dos Vereadores de Ji-Paran\u00e1"},"content":{"rendered":"<div id=\"divSpdInText\">\n<div align=\"center\"><span style=\"color: #000000; font-family: Verdana, Arial, Helvetica, sans-serif; font-size: small;\"><b><big>Poder Legislativo Municipal;\u00a0<\/big><\/b><\/span><span style=\"color: #000000; font-family: Verdana, Arial, Helvetica, sans-serif; font-size: small;\"><b><big>C\u00e2mara Municipal de Ji-Paran\u00e1;\u00a0<\/big><\/b><\/span><span style=\"color: #000000; font-family: Verdana, Arial, Helvetica, sans-serif; font-size: small;\"><b><big>Informe Legislativo\u00a0<\/big><\/b><\/span><em id=\"__mceDel\" style=\"font-size: 13px; line-height: 19px;\"><em id=\"__mceDel\"><em id=\"__mceDel\"><span style=\"color: #000000; font-family: Verdana, Arial, Helvetica, sans-serif; font-size: small;\"><b><big>17\u00aa Sess\u00e3o Ordin\u00e1ria<\/big><\/b><\/span><\/em><\/em><\/em><\/div>\n<p><span style=\"color: #000000; font-family: Verdana, Arial, Helvetica, sans-serif; font-size: small;\"><\/p>\n<p>Projeto<br \/>\nA C\u00e2mara dos Vereadores de Ji-Paran\u00e1 (CMJP) aprovou nesta ter\u00e7a-feira (11), em discuss\u00e3o e vota\u00e7\u00e3o \u00fanica, os Projetos de Lei que Disp\u00f5e sobre a Pol\u00edtica Municipal dos Direitos d Crian\u00e7a e do Adolescente, que atende as novas resolu\u00e7\u00f5es do Conelho Nacional dos Direitos da Crian\u00e7a e do Adolescente, proporcionando aos munic\u00edpios brasileiros a <a id=\"spiderWordFound1\" rel=\"nofollow\"><\/a>oportunidade, bem como modernizar as atividades do Conselho dos Direitos da Crian\u00e7a e do Adolescente.<br \/>\nOs vereadores ainda aprovaram os Projetos de Lei que autoriza o Poder Executivo a abrir cr\u00e9dito adicional especial e o projeto que declara de utilidade P\u00fablica a Assdocia\u00e7\u00e3o Ji-Paranaense Comunidade, por empenhar seu papel em resgatar o <a id=\"spiderWordFound2\" rel=\"nofollow\"><\/a>esporte em todas as suas modalidades, tendo por objetivo a elabora\u00e7\u00e3o, produ\u00e7\u00e3o e promo\u00e7\u00e3o de eventos esportivos, bem como promover atividades de organiza\u00e7\u00f5es associativas ligadas \u00e0 cultura e \u00e0 arte.<\/p>\n<p>Sistema de Cultura<br \/>\nOs vereadores ainda aprovaram o projeto de lei que disp\u00f5e sobre o Sistema Municipal de Cultura de Ji-Paran\u00e1. Segundo a autora do projeto, vereadora S\u00edlvia Cristina Am\u00e2ncio Chagas (PDT), o Sistema servir\u00e1 para gerir a cultura no munic\u00edpio. A vereadora destaca que o projeto visa tamb\u00e9m a adqua\u00e7\u00e3o dos princ\u00edpios, objetivos, estrutura, organiza\u00e7\u00e3o, gest\u00e3o inter-rela\u00e7\u00f5es entre seus componentes, recursos humanos e financiamento. O \u00f3rg\u00e3o ser\u00e1 gerido pela Funda\u00e7\u00e3o Cultura de Ji-Paran\u00e1 e tem como objetivo valorizar a cultura no munic\u00edpio e ajudar as pessoas queiram vivem da cultura.<\/p>\n<p><label>LOJAS<\/label> AMERICANAS<br \/>\nA vereadora Silvia Cristina enalteceu a vinda de novos investidores nacionais para o munic\u00edpio, parabenizando a inaugura\u00e7\u00e3o da Lojas Americanas no Segundo Distrito de Ji-Paran\u00e1. Silvia Cristina falou de sua alegria de ter participado da inaugura\u00e7\u00e3o da maior rede de lojas do Pa\u00eds, lembrando que muito em breve ser\u00e1 aberto uma nova filial da loja no primeiro distrito da cidade.<\/p>\n<p>Educa\u00e7\u00e3o<br \/>\nO vereador Luiz Carlos Gomes dos Santos, o C. Gomes (PSDB), falou sobre a greve dos <label>servidores<\/label> da Educa\u00e7\u00e3o, que se faziam <label>presente<\/label> no plen\u00e1rio da C\u00e2mara, dizendo que apoia a luta dos servidores. C. Gomes foi taxativo ao lembrar da a\u00e7\u00e3o da Secretaria Estadual de Educa\u00e7\u00e3o e da incompet\u00eancia da mesma, a frente da Seduc. O vereador lembrou da sua reivindica\u00e7\u00e3o para cobertura da quadra da <a id=\"spiderWordFound3\" rel=\"nofollow\"><\/a>escola do bairro Jardim dos Migrantes e da falta de sensibiliza\u00e7\u00e3o da atual secret\u00e1ria em resolver o problema.<\/p>\n<p>Mototaxi<br \/>\nNa 17\u00aa Sess\u00e3o Ordin\u00e1ria desta ter\u00e7a-feira (11) foram aprovados os requerimentos do vereador Lincoln Astr\u00ea (PP) pedindo a <label>constru\u00e7\u00e3o<\/label> de Ponto para Mototaxitas na esquina da Avenida <label>Brasil<\/label> com a Rua Luiz Muzambinho, bairro Nova Bras\u00edlia; aquisi\u00e7\u00e3o de <label>Caminh\u00e3o<\/label> Cesto para suprir necessidade na manuten\u00e7\u00e3o de Ilumina\u00e7\u00e3o p\u00fablica; duplica\u00e7\u00e3o da Rua Menezes Filho, entre as ruas JK e Cacoal, nos bairros 02 de Abril e Bela Vista; pavimenta\u00e7\u00e3o asf\u00e1ltica da Rua Feij\u00f3 entre a Avenida das Seringueiras (T-14) e Rua Caucheiro (T-15), Bairro Cafezinho e pavimenta\u00e7\u00e3o asf\u00e1ltica da Rua Carlos Luiz (T-03) entre as avenidas Aracaju e do Nazar\u00e9, bairro Riachuelo.<\/p>\n<p>Jardim dos Migrantes<br \/>\nA Maria Aparecida Fernanda Castro, A Ida (PV) falou da situa\u00e7\u00e3o do Bairro Jardim dos Migrantes, enaltecendo o prefeito de Ji-Paran\u00e1, Jesualdo Pires, por ter garantido a realiza\u00e7\u00e3o de um projeto grande, de infraestrutura para o bairro. Ida enalteceu a atua\u00e7\u00e3o do prefeito, que ir\u00e1 fazer um trabalho de grande melhoria para a popula\u00e7\u00e3o. Ela agradeceu o apoio dos demais vereadores que aprovaram por unanimidade os benef\u00edcios para a comunidade. O bairro ser\u00e1 beneficiados com asfaltamento, drenagem e cal\u00e7adas.<\/p>\n<p>Viaduto<br \/>\nO vereador Lorenil Gomes da Silva, Lorenil (PSC), falou de sua insatisfa\u00e7\u00e3o com a empresa que fez o viaduto em Ji-Paran\u00e1 e a duplica\u00e7\u00e3o da BR 364. Ele lembrou que a construtora garantiu que iria recuperar as ruas e avenidas que foram danificadas, devido a obra e foi embora e n\u00e3o fizeram o servi\u00e7o. Lorenil disse que a construtora usou v\u00e1rias ruas e avenidas como desvio do trafego de ve\u00edculos e garantiu a recupera\u00e7\u00e3o das mesmas, logo ap\u00f3s o termino da obra, mas os <label>servi\u00e7os<\/label> n\u00e3o foram realizados.<\/p>\n<p>Frigorifico de Peixe<br \/>\nOutro assunto que chamou a aten\u00e7\u00e3o do vereador Lorenil Gomes da Silva, o Lorenil (PSC) foi o cancelamento da constru\u00e7\u00e3o do Frigorifico de Peixe que seria em Ji-Paran\u00e1 e foi transferido para a cidade de Ouro Preto do Oeste. O vereador lembra que o Governo do Estado incentivou os produtores rurais a investirem na constru\u00e7\u00e3o de represas e na produ\u00e7\u00e3o de peixes e garantiu a constru\u00e7\u00e3o do frigorifico no munic\u00edpio e, agora deixou o produtores na m\u00e3o. O vereador alega que a transfer\u00eancia do frigorifico para Ouro Preto \u00e9 devido a influencia de alguns pol\u00edticos. \u201cJi-Paran\u00e1 tem que votar em pessoas do munic\u00edpio, para que obras como esta, n\u00e3o seja tirada de nossa cidade\u201d, frisou.<\/p>\n<p>Frente de obras<br \/>\nO vereador Joaquim Teixeira dos Santos, o Joaquim Teixeira (PMDB), destacou o trabalho que a Secretaria de Obras de Ji-Paran\u00e1 vem realizando no munic\u00edpio. Joaquim Teixeira disse est\u00e1 satisfeito com as frentes de trabalhos que vem sendo desenvolvidos nos bairros do munic\u00edpio. O vereador elogiou a a\u00e7\u00e3o do atual secret\u00e1rio de Obras, engenheiro Valdecir, destacando que o secret\u00e1rio sempre tem atendido o pedido dos vereadores.<\/p>\n<p>Asfalto<br \/>\nO vereador Joziel Carlos de Brito (PMDB) falou dos 50 quil\u00f4metros de asfalto que ser\u00e3o feitos em Ji-Paran\u00e1, parabenizando o Governador Conf\u00facio Moura e o diretor geral do DER, engenheiro L\u00facio Mosquine, por estar realizando v\u00e1rias obras no munic\u00edpio. Joziel Carlos, durante seu pronunciamento disse que as obras j\u00e1 iniciaram no Bairro Nossa Senhora de F\u00e1tima e que, outras ruas de diversos bairros do munic\u00edpio tamb\u00e9m ser\u00e3o beneficiadas com pavimenta\u00e7\u00e3o asf\u00e1ltica.<\/p>\n<p>Combate as Drogas<br \/>\nA vereadora M\u00e1rcia Regina de Souza (PT), convocou os vereadores e a popula\u00e7\u00e3o em geral, para participarem, na pr\u00f3xima sexta-feira (14) e s\u00e1bado (15), do Semin\u00e1rio \u201cDrogas o que fazer\u201d. O <a id=\"spiderWordFound0\" rel=\"nofollow\"><\/a>evento acontece nas depend\u00eancias do IFRO \u2013 Instituto Federal de Rond\u00f4nia, em Ji-Paran\u00e1 e \u00e9 uma realiza\u00e7\u00e3o da C\u00e2mara de Vereadores, em conjunto com o Ifro e a Secretaria Municipal de Assist\u00eancia Social. M\u00e1rcia Regina lembra que as drogas \u00e9 um problema de todos e que temos que nos envolver para proteger nossas crian\u00e7as, adolescentes e jovens.<\/p>\n<p>Peritos<br \/>\nO vereador Edivaldo Souza Gomes, o Edivaldo Gomes (PSB), lembrou da situa\u00e7\u00e3o da falta de peritos m\u00e9dicos no INSS de Ji-Paran\u00e1 e da humilha\u00e7\u00e3o em que os aposentados e pensionistas est\u00e3o sofrendo para conseguirem sacar os benef\u00edcios. Ele lembra que alguns aposentados e benefici\u00e1rios j\u00e1 tiveram seus recursos suspensos por causa da falta de peritos no munic\u00edpio. Edivaldo Gomes solicitou que a C\u00e2mara intervenha na situa\u00e7\u00e3o, pedindo provid\u00eancias aos \u00f3rg\u00e3os competentes. O vereador procurou o Minist\u00e9rio P\u00fablico Federal, que dever\u00e1 se pronunciar sobre o problema da falta de perito no munic\u00edpio.<br \/>\nSa\u00fade<br \/>\nPara o Edilson Alves Vieira, o Edilson Vieira (PMDB), a sa\u00fade no Estado de Rond\u00f4nia melhorou muito, nos \u00faltimos meses, destacando os investimentos do Governo do Estado no setor, com a contrata\u00e7\u00e3o de novos m\u00e9dicos e a aquisi\u00e7\u00e3o de novas ambul\u00e2ncias, que vem atendendo os munic\u00edpios. Edilson Alves destaca que Conf\u00facio Moura foi o governo que mais investiu em Ji-Paran\u00e1.<\/p>\n<p>Aeroporto<br \/>\nO vereador Afonso Ant\u00f4nio C\u00e2ndido, o Afonso da Mabel (PSDC), falou da situa\u00e7\u00e3o do Aeroporto Jos\u00e9 Coleto, em Ji-Paran\u00e1 e de que o munic\u00edpio poder\u00e1 perder os voos. O vereador lembrou que o governo tem investido R$ 120 mil no aeroporto de Cacoal, mensalmente e pretende investir mais de R$ 30 milh\u00f5es no aeroporto de Ariquemes e, o de Ji-Paran\u00e1 continua abandonado, sem receber qualquer recurso do Governo de Rond\u00f4nia. Afonso informou que hoje o aeroporto \u00e9 administrado somente pela JiCred, que disp\u00f5e de poucos recursos para investimentos.<\/p>\n<p>Projeto aprovado em Primeira Discuss\u00e3o e Vota\u00e7\u00e3o na 17\u00aa Sess\u00e3o Ordin\u00e1ria da ter\u00e7a-feira (11 de junho de 2013)<br \/>\nProjeto de Lei n\u00ba. 2967\/2013, que \u201cInstitui a obrigatoriedade da implanta\u00e7\u00e3o das redes de Infra-estrutura b\u00e1sica para condicionamento de pavimenta\u00e7\u00e3o asf\u00e1ltica de vias urbanas, e d\u00e1 outras provid\u00eancias\u201d.<br \/>\nProjeto de Decreto Legislativo n\u00ba. 198\/2013, que \u201cOutorga o T\u00edtulo Honor\u00edfico de Cidad\u00e3os Honbor\u00e1rios Ji-Paranaenses aos Ilustr\u00edssimos Senhores Arlindo Alves e Odete Maria Silveira Alves\u201d.<br \/>\n<\/span><\/div>\n","protected":false},"excerpt":{"rendered":"<div class=\"mh-excerpt\"><p>Poder Legislativo Municipal;\u00a0C\u00e2mara Municipal de Ji-Paran\u00e1;\u00a0Informe Legislativo\u00a017\u00aa Sess\u00e3o Ordin\u00e1ria Projeto A C\u00e2mara dos Vereadores de Ji-Paran\u00e1 (CMJP) aprovou nesta ter\u00e7a-feira (11), em discuss\u00e3o e vota\u00e7\u00e3o <a class=\"mh-excerpt-more\" href=\"https:\/\/folhaderondonianews.com\/news\/2013\/06\/13\/fatos-que-marcaram-a-17a-sessao-da-camara-dos-vereadores-de-ji-parana\/\" title=\"Fatos que marcaram a 17\u00aa sess\u00e3o da C\u00e2mara dos Vereadores de Ji-Paran\u00e1\">[&#8230;]<\/a><\/p>\n<\/div>","protected":false},"author":1,"featured_media":0,"comment_status":"open","ping_status":"closed","sticky":false,"template":"","format":"standard","meta":{"footnotes":""},"categories":[5],"tags":[],"class_list":["post-964","post","type-post","status-publish","format-standard","hentry","category-brasil"],"_links":{"self":[{"href":"https:\/\/folhaderondonianews.com\/news\/wp-json\/wp\/v2\/posts\/964","targetHints":{"allow":["GET"]}}],"collection":[{"href":"https:\/\/folhaderondonianews.com\/news\/wp-json\/wp\/v2\/posts"}],"about":[{"href":"https:\/\/folhaderondonianews.com\/news\/wp-json\/wp\/v2\/types\/post"}],"author":[{"embeddable":true,"href":"https:\/\/folhaderondonianews.com\/news\/wp-json\/wp\/v2\/users\/1"}],"replies":[{"embeddable":true,"href":"https:\/\/folhaderondonianews.com\/news\/wp-json\/wp\/v2\/comments?post=964"}],"version-history":[{"count":0,"href":"https:\/\/folhaderondonianews.com\/news\/wp-json\/wp\/v2\/posts\/964\/revisions"}],"wp:attachment":[{"href":"https:\/\/folhaderondonianews.com\/news\/wp-json\/wp\/v2\/media?parent=964"}],"wp:term":[{"taxonomy":"category","embeddable":true,"href":"https:\/\/folhaderondonianews.com\/news\/wp-json\/wp\/v2\/categories?post=964"},{"taxonomy":"post_tag","embeddable":true,"href":"https:\/\/folhaderondonianews.com\/news\/wp-json\/wp\/v2\/tags?post=964"}],"curies":[{"name":"wp","href":"https:\/\/api.w.org\/{rel}","templated":true}]}}