{"id":9642,"date":"2016-04-01T13:01:56","date_gmt":"2016-04-01T17:01:56","guid":{"rendered":"http:\/\/folhaderondonianews.com\/news\/?p=9642"},"modified":"2016-04-01T13:01:56","modified_gmt":"2016-04-01T17:01:56","slug":"deputado-pede-posto-de-policiamento-na-upa-da-zona-leste","status":"publish","type":"post","link":"https:\/\/folhaderondonianews.com\/news\/2016\/04\/01\/deputado-pede-posto-de-policiamento-na-upa-da-zona-leste\/","title":{"rendered":"Deputado pede posto de policiamento na UPA da zona Leste"},"content":{"rendered":"<p>Devido ao grande n\u00famero de notas e reportagens divulgadas por meio da imprensa local e tamb\u00e9m em redes sociais, sobre agress\u00f5es a m\u00e9dicos e funcion\u00e1rios da Unidade de Pronto Atendimento (UPA), da zona Leste de Porto Velho, o deputado A\u00e9lcio da TV (PP), indicou ao governo do Estado, a necessidade de construir um posto de policiamento na unidade de sa\u00fade.<\/p>\n<p>O local possui um hist\u00f3rico de confus\u00f5es, decorrentes da impaci\u00eancia e revolta de pacientes, que se dirigem at\u00e9 o pr\u00e9dio para receberem atendimento de urg\u00eancia e consultas. Somente neste m\u00eas foram pelos menos cinco casos registrados na delegacia da regi\u00e3o.<\/p>\n<p>Em duas oportunidades a UPA teve de fechar as portas por conta da falta de m\u00e9dicos. A situa\u00e7\u00e3o causou desconforto nos moradores, que se revoltaram e realizaram protesto, pedido solu\u00e7\u00e3o no caso.<\/p>\n","protected":false},"excerpt":{"rendered":"<div class=\"mh-excerpt\"><p>Devido ao grande n\u00famero de notas e reportagens divulgadas por meio da imprensa local e tamb\u00e9m em redes sociais, sobre agress\u00f5es a m\u00e9dicos e funcion\u00e1rios <a class=\"mh-excerpt-more\" href=\"https:\/\/folhaderondonianews.com\/news\/2016\/04\/01\/deputado-pede-posto-de-policiamento-na-upa-da-zona-leste\/\" title=\"Deputado pede posto de policiamento na UPA da zona Leste\">[&#8230;]<\/a><\/p>\n<\/div>","protected":false},"author":1,"featured_media":9643,"comment_status":"open","ping_status":"closed","sticky":false,"template":"","format":"standard","meta":{"footnotes":""},"categories":[9],"tags":[796,797,211,798],"class_list":["post-9642","post","type-post","status-publish","format-standard","has-post-thumbnail","hentry","category-politica","tag-aelcio-da-tv","tag-policiamento","tag-porto-velho","tag-upa"],"_links":{"self":[{"href":"https:\/\/folhaderondonianews.com\/news\/wp-json\/wp\/v2\/posts\/9642","targetHints":{"allow":["GET"]}}],"collection":[{"href":"https:\/\/folhaderondonianews.com\/news\/wp-json\/wp\/v2\/posts"}],"about":[{"href":"https:\/\/folhaderondonianews.com\/news\/wp-json\/wp\/v2\/types\/post"}],"author":[{"embeddable":true,"href":"https:\/\/folhaderondonianews.com\/news\/wp-json\/wp\/v2\/users\/1"}],"replies":[{"embeddable":true,"href":"https:\/\/folhaderondonianews.com\/news\/wp-json\/wp\/v2\/comments?post=9642"}],"version-history":[{"count":0,"href":"https:\/\/folhaderondonianews.com\/news\/wp-json\/wp\/v2\/posts\/9642\/revisions"}],"wp:featuredmedia":[{"embeddable":true,"href":"https:\/\/folhaderondonianews.com\/news\/wp-json\/wp\/v2\/media\/9643"}],"wp:attachment":[{"href":"https:\/\/folhaderondonianews.com\/news\/wp-json\/wp\/v2\/media?parent=9642"}],"wp:term":[{"taxonomy":"category","embeddable":true,"href":"https:\/\/folhaderondonianews.com\/news\/wp-json\/wp\/v2\/categories?post=9642"},{"taxonomy":"post_tag","embeddable":true,"href":"https:\/\/folhaderondonianews.com\/news\/wp-json\/wp\/v2\/tags?post=9642"}],"curies":[{"name":"wp","href":"https:\/\/api.w.org\/{rel}","templated":true}]}}