{"id":975,"date":"2013-07-02T00:12:15","date_gmt":"2013-07-02T04:12:15","guid":{"rendered":"http:\/\/folhaderondonianews.com\/news\/?p=975"},"modified":"2013-07-02T00:13:04","modified_gmt":"2013-07-02T04:13:04","slug":"azul-deixa-ji-parana","status":"publish","type":"post","link":"https:\/\/folhaderondonianews.com\/news\/2013\/07\/02\/azul-deixa-ji-parana\/","title":{"rendered":"Azul deixa Ji-Paran\u00e1"},"content":{"rendered":"<p>Ji-Paran\u00e1 perde mais um jato de 80 lugares para a cidade de Cacoal. O Avi\u00e3o da Azul far\u00e1 a linha Cacoal\/Cuiab\u00e1. Ji-Paran\u00e1 tamb\u00e9m vai perder o voo da Azul para Porto Velho. Isso dever\u00e1 acontecer a partir do dia seis de agosto.<\/p>\n","protected":false},"excerpt":{"rendered":"<div class=\"mh-excerpt\"><p>Ji-Paran\u00e1 perde mais um jato de 80 lugares para a cidade de Cacoal. O Avi\u00e3o da Azul far\u00e1 a linha Cacoal\/Cuiab\u00e1. Ji-Paran\u00e1 tamb\u00e9m vai perder <a class=\"mh-excerpt-more\" href=\"https:\/\/folhaderondonianews.com\/news\/2013\/07\/02\/azul-deixa-ji-parana\/\" title=\"Azul deixa Ji-Paran\u00e1\">[&#8230;]<\/a><\/p>\n<\/div>","protected":false},"author":1,"featured_media":0,"comment_status":"open","ping_status":"closed","sticky":false,"template":"","format":"standard","meta":{"footnotes":""},"categories":[8],"tags":[],"class_list":["post-975","post","type-post","status-publish","format-standard","hentry","category-coluna-do-gutierrez"],"_links":{"self":[{"href":"https:\/\/folhaderondonianews.com\/news\/wp-json\/wp\/v2\/posts\/975","targetHints":{"allow":["GET"]}}],"collection":[{"href":"https:\/\/folhaderondonianews.com\/news\/wp-json\/wp\/v2\/posts"}],"about":[{"href":"https:\/\/folhaderondonianews.com\/news\/wp-json\/wp\/v2\/types\/post"}],"author":[{"embeddable":true,"href":"https:\/\/folhaderondonianews.com\/news\/wp-json\/wp\/v2\/users\/1"}],"replies":[{"embeddable":true,"href":"https:\/\/folhaderondonianews.com\/news\/wp-json\/wp\/v2\/comments?post=975"}],"version-history":[{"count":0,"href":"https:\/\/folhaderondonianews.com\/news\/wp-json\/wp\/v2\/posts\/975\/revisions"}],"wp:attachment":[{"href":"https:\/\/folhaderondonianews.com\/news\/wp-json\/wp\/v2\/media?parent=975"}],"wp:term":[{"taxonomy":"category","embeddable":true,"href":"https:\/\/folhaderondonianews.com\/news\/wp-json\/wp\/v2\/categories?post=975"},{"taxonomy":"post_tag","embeddable":true,"href":"https:\/\/folhaderondonianews.com\/news\/wp-json\/wp\/v2\/tags?post=975"}],"curies":[{"name":"wp","href":"https:\/\/api.w.org\/{rel}","templated":true}]}}